{"id":64672,"date":"2022-05-05T03:01:49","date_gmt":"2022-05-05T01:01:49","guid":{"rendered":"https:\/\/baportal.sk\/podnajom\/in\/64672\/"},"modified":"2022-05-05T03:01:49","modified_gmt":"2022-05-05T01:01:49","slug":"bosen-stylovy-2-izbovy-byt-v-blizkosti-stareho-mesta-53-m2-zahradnicka","status":"publish","type":"post","link":"https:\/\/baportal.sk\/podnajom\/in\/64672\/","title":{"rendered":"BOSEN | \u0160t\u00fdlov\u00fd 2 izbov\u00fd byt v bl\u00edzkosti Star\u00e9ho Mesta, 53 m2, Z\u00e1hradn\u00edcka"},"content":{"rendered":"<div class=\"text-inner\">\n                                Bosen Group V\u00e1m pon\u00faka na pren\u00e1jom dizajnov\u00fd a kompletne zrekon\u0161truovan\u00fd 2 izbov\u00fd byt v centre mesta. Nach\u00e1dza sa na 1. poschod\u00ed bytov\u00e9ho domu na Z\u00e1hradn\u00edckej ulici, Bratislava \u2013 m.\u010d. Ru\u017einov.<\/p>\n<p>BYT: Byt m\u00e1 celkov\u00fa v\u00fdmeru 53 m2 z \u010doho tvor\u00ed pivni\u010dn\u00e1 kobka 2 m2. Nach\u00e1dza sa na 1. poschod\u00ed (z celkov\u00fdch 5) tehlov\u00e9ho bytov\u00e9ho domu s v\u00fd\u0165ahom. Orient\u00e1cia bytu je na ju\u017en\u00fa stranu. Byt disponuje dvomi nepriechodn\u00fdmi izbami a samostatnou kuchy\u0148ou.<\/p>\n<p>DISPOZ\u00cdCIA: Byt pozost\u00e1va zo vstupnej chodby, sp\u00e1lne, samostatnej toalety a k\u00fape\u013ene, ob\u00fdvacej izby a oddelenej kuchynskej \u010dasti.<\/p>\n<p>VIRTU\u00c1LNA PREHLIADKA: https:\/\/my.matterport.com\/show\/?m=NtuE2z5Sjcw<\/p>\n<p>ZARIADENIE:  Byt sa prenaj\u00edma kompletne zariaden\u00fd nov\u00fdm dizajnov\u00fdm n\u00e1bytkom. V ob\u00fdvacej izbe n\u00e1jdete \u0161t\u00fdlov\u00fd gau\u010d, konferen\u010dn\u00fd stol\u00edk, skrinku pod TV, okr\u00fahly jed\u00e1lensk\u00fd stol\u00edk s 3 stoli\u010dkami. V sp\u00e1lni sa nach\u00e1dza man\u017eelsk\u00e1 poste\u013e s dvomi no\u010dn\u00fdmi stol\u00edkmi a lampami, skri\u0148a. K\u00fape\u013e\u0148a disponuje sprchov\u00fdm k\u00fatom, um\u00fdvadlom so skrinkou a zrkadlom. Kompletne vybaven\u00e1 je aj kuchynsk\u00e1 \u010das\u0165, kde n\u00e1jdete kuchynsk\u00fa linku so vstavan\u00fdmi spotrebi\u010dmi ako je elektrick\u00e1 r\u00fara, digestor, plynov\u00e1 varn\u00e1 doska a chladni\u010dka s mrazni\u010dkou.<\/p>\n<p>LOKALITA: Bytov\u00fd dom m\u00e1 skvel\u00e9 umiestnenie, v\u010faka ktor\u00e9mu si u\u017eijete v\u0161etky v\u00fdhody mestk\u00e9ho b\u00fdvania. Nach\u00e1dza na hranici Star\u00e9ho Mesta a Ru\u017einova, v\u010faka \u010domu budete v pe\u0161ej dostupnosti od novovznikaj\u00faceho downtownu, \u0160trkoveck\u00e9ho jazera \u010di Medickej Z\u00e1hrady. Ocen\u00edte aj bl\u00edzkos\u0165 n\u00e1kupn\u00fdch centier (Central, Stanica Nivy), s mno\u017estvom slu\u017eieb dennodenn\u00e9ho vyu\u017eitia. Pe\u0161o sa dostanete na Trhovisko Mileti\u010dova, na n\u00e1bre\u017eie Dunaja (promen\u00e1da Eurovea), do srdca Star\u00e9ho Mesta \u010di do shopping centier. V pr\u00edpade potreby m\u00f4\u017eete vyu\u017ei\u0165 aj viacer\u00e9 zast\u00e1vky MHD, ktor\u00e9 s\u00fa v tesnej bl\u00edzkosti.<\/p>\n<p>PARKOVANIE: Verejn\u00e9 parkovanie pri bytovom dome<\/p>\n<p>CENA: 600 \u20ac\/mesiac byt + 250 \u20ac\/mesiac energie, depozit vo v\u00fd\u0161ke mesa\u010dn\u00e9ho n\u00e1jomn\u00e9ho s energiami<\/p>\n<p>Bez dom\u00e1cich zvierat.<\/p>\n<p>Realitn\u00e1 kancel\u00e1ria Bosen Group je \u010dlenom Realitnej \u00fanie SR a riadi sa jej Realitn\u00fdm k\u00f3dexom. Uveden\u00e1 cena zah\u0155\u0148a pr\u00e1vny servis zabezpe\u010dovan\u00fd advok\u00e1tskou kancel\u00e1riou a poradenstvo pri pren\u00e1jme nehnute\u013enosti.                            <\/p><\/div>\n","protected":false},"excerpt":{"rendered":"<p>Bosen Group V\u00e1m pon\u00faka na pren\u00e1jom dizajnov\u00fd a kompletne zrekon\u0161truovan\u00fd 2 izbov\u00fd byt v centre mesta. Nach\u00e1dza sa na 1. poschod\u00ed bytov\u00e9ho domu na Z\u00e1hradn\u00edckej ulici, Bratislava \u2013 m.\u010d. Ru\u017einov. BYT: Byt m\u00e1 celkov\u00fa v\u00fdmeru 53 m2 z \u010doho tvor\u00ed pivni\u010dn\u00e1 kobka 2 m2. Nach\u00e1dza sa na 1. poschod\u00ed (z celkov\u00fdch 5) tehlov\u00e9ho bytov\u00e9ho domu [&hellip;]<\/p>\n","protected":false},"author":1,"featured_media":64673,"comment_status":"open","ping_status":"open","sticky":false,"template":"","format":"standard","meta":{"footnotes":""},"categories":[4],"tags":[],"class_list":["post-64672","post","type-post","status-publish","format-standard","has-post-thumbnail","hentry","category-prenajom-bytu"],"yoast_head":"<!-- This site is optimized with the Yoast SEO plugin v23.1 - https:\/\/yoast.com\/wordpress\/plugins\/seo\/ -->\n<title>BOSEN | \u0160t\u00fdlov\u00fd 2 izbov\u00fd byt v bl\u00edzkosti Star\u00e9ho Mesta, 53 m2, Z\u00e1hradn\u00edcka | Podn\u00e1jom - Baportal.sk - Bratislava<\/title>\n<meta name=\"description\" content=\"Bosen Group V\u00e1m pon\u00faka na pren\u00e1jom dizajnov\u00fd a kompletne zrekon\u0161truovan\u00fd 2 izbov\u00fd byt v centre mesta. Nach\u00e1dza sa na 1. poschod\u00ed bytov\u00e9ho domu na\" \/>\n<meta name=\"robots\" content=\"index, follow, max-snippet:-1, max-image-preview:large, max-video-preview:-1\" \/>\n<link rel=\"canonical\" href=\"https:\/\/baportal.sk\/podnajom\/in\/64672\/\" \/>\n<meta property=\"og:locale\" content=\"sk_SK\" \/>\n<meta property=\"og:type\" content=\"article\" \/>\n<meta property=\"og:title\" content=\"BOSEN | \u0160t\u00fdlov\u00fd 2 izbov\u00fd byt v bl\u00edzkosti Star\u00e9ho Mesta, 53 m2, Z\u00e1hradn\u00edcka | Podn\u00e1jom - Baportal.sk - Bratislava\" \/>\n<meta property=\"og:description\" content=\"Bosen Group V\u00e1m pon\u00faka na pren\u00e1jom dizajnov\u00fd a kompletne zrekon\u0161truovan\u00fd 2 izbov\u00fd byt v centre mesta. Nach\u00e1dza sa na 1. poschod\u00ed bytov\u00e9ho domu na\" \/>\n<meta property=\"og:url\" content=\"https:\/\/baportal.sk\/podnajom\/in\/64672\/\" \/>\n<meta property=\"og:site_name\" content=\"Podn\u00e1jom - Baportal.sk - Bratislava\" \/>\n<meta property=\"article:published_time\" content=\"2022-05-05T01:01:49+00:00\" \/>\n<meta name=\"author\" content=\"marek\" \/>\n<meta name=\"twitter:card\" content=\"summary_large_image\" \/>\n<meta name=\"twitter:label1\" content=\"Autor\" \/>\n\t<meta name=\"twitter:data1\" content=\"marek\" \/>\n\t<meta name=\"twitter:label2\" content=\"Predpokladan\u00fd \u010das \u010d\u00edtania\" \/>\n\t<meta name=\"twitter:data2\" content=\"2 min\u00faty\" \/>\n<script type=\"application\/ld+json\" class=\"yoast-schema-graph\">{\"@context\":\"https:\/\/schema.org\",\"@graph\":[{\"@type\":\"WebPage\",\"@id\":\"https:\/\/baportal.sk\/podnajom\/in\/64672\/\",\"url\":\"https:\/\/baportal.sk\/podnajom\/in\/64672\/\",\"name\":\"BOSEN | \u0160t\u00fdlov\u00fd 2 izbov\u00fd byt v bl\u00edzkosti Star\u00e9ho Mesta, 53 m2, Z\u00e1hradn\u00edcka | Podn\u00e1jom - Baportal.sk - Bratislava\",\"isPartOf\":{\"@id\":\"https:\/\/baportal.sk\/podnajom\/#website\"},\"primaryImageOfPage\":{\"@id\":\"https:\/\/baportal.sk\/podnajom\/in\/64672\/#primaryimage\"},\"image\":{\"@id\":\"https:\/\/baportal.sk\/podnajom\/in\/64672\/#primaryimage\"},\"thumbnailUrl\":\"https:\/\/baportal.sk\/podnajom\/wp-content\/uploads\/2023\/08\/BOSEN-Stylovy-2-izbovy-byt-v-blizkosti-Stareho-Mesta.jpeg\",\"datePublished\":\"2022-05-05T01:01:49+00:00\",\"dateModified\":\"2022-05-05T01:01:49+00:00\",\"author\":{\"@id\":\"https:\/\/baportal.sk\/podnajom\/#\/schema\/person\/1048c08c599b2e93379d6374549bd168\"},\"description\":\"Bosen Group V\u00e1m pon\u00faka na pren\u00e1jom dizajnov\u00fd a kompletne zrekon\u0161truovan\u00fd 2 izbov\u00fd byt v centre mesta. Nach\u00e1dza sa na 1. poschod\u00ed bytov\u00e9ho domu na\",\"breadcrumb\":{\"@id\":\"https:\/\/baportal.sk\/podnajom\/in\/64672\/#breadcrumb\"},\"inLanguage\":\"sk-SK\",\"potentialAction\":[{\"@type\":\"ReadAction\",\"target\":[\"https:\/\/baportal.sk\/podnajom\/in\/64672\/\"]}]},{\"@type\":\"ImageObject\",\"inLanguage\":\"sk-SK\",\"@id\":\"https:\/\/baportal.sk\/podnajom\/in\/64672\/#primaryimage\",\"url\":\"https:\/\/baportal.sk\/podnajom\/wp-content\/uploads\/2023\/08\/BOSEN-Stylovy-2-izbovy-byt-v-blizkosti-Stareho-Mesta.jpeg\",\"contentUrl\":\"https:\/\/baportal.sk\/podnajom\/wp-content\/uploads\/2023\/08\/BOSEN-Stylovy-2-izbovy-byt-v-blizkosti-Stareho-Mesta.jpeg\",\"width\":600,\"height\":315},{\"@type\":\"BreadcrumbList\",\"@id\":\"https:\/\/baportal.sk\/podnajom\/in\/64672\/#breadcrumb\",\"itemListElement\":[{\"@type\":\"ListItem\",\"position\":1,\"name\":\"Domovsk\u00e1 str\u00e1nka\",\"item\":\"https:\/\/baportal.sk\/podnajom\/\"},{\"@type\":\"ListItem\",\"position\":2,\"name\":\"BOSEN | \u0160t\u00fdlov\u00fd 2 izbov\u00fd byt v bl\u00edzkosti Star\u00e9ho Mesta, 53 m2, Z\u00e1hradn\u00edcka\"}]},{\"@type\":\"WebSite\",\"@id\":\"https:\/\/baportal.sk\/podnajom\/#website\",\"url\":\"https:\/\/baportal.sk\/podnajom\/\",\"name\":\"Podn\u00e1jom - Baportal.sk - Bratislava\",\"description\":\"\",\"potentialAction\":[{\"@type\":\"SearchAction\",\"target\":{\"@type\":\"EntryPoint\",\"urlTemplate\":\"https:\/\/baportal.sk\/podnajom\/?s={search_term_string}\"},\"query-input\":\"required name=search_term_string\"}],\"inLanguage\":\"sk-SK\"},{\"@type\":\"Person\",\"@id\":\"https:\/\/baportal.sk\/podnajom\/#\/schema\/person\/1048c08c599b2e93379d6374549bd168\",\"name\":\"marek\",\"image\":{\"@type\":\"ImageObject\",\"inLanguage\":\"sk-SK\",\"@id\":\"https:\/\/baportal.sk\/podnajom\/#\/schema\/person\/image\/\",\"url\":\"https:\/\/secure.gravatar.com\/avatar\/cdf0fbd37411d455f1afd87f93b867f6?s=96&d=mm&r=g\",\"contentUrl\":\"https:\/\/secure.gravatar.com\/avatar\/cdf0fbd37411d455f1afd87f93b867f6?s=96&d=mm&r=g\",\"caption\":\"marek\"},\"sameAs\":[\"https:\/\/www.baportal.sk\/podnajom\"]}]}<\/script>\n<!-- \/ Yoast SEO plugin. -->","yoast_head_json":{"title":"BOSEN | \u0160t\u00fdlov\u00fd 2 izbov\u00fd byt v bl\u00edzkosti Star\u00e9ho Mesta, 53 m2, Z\u00e1hradn\u00edcka | Podn\u00e1jom - Baportal.sk - Bratislava","description":"Bosen Group V\u00e1m pon\u00faka na pren\u00e1jom dizajnov\u00fd a kompletne zrekon\u0161truovan\u00fd 2 izbov\u00fd byt v centre mesta. Nach\u00e1dza sa na 1. poschod\u00ed bytov\u00e9ho domu na","robots":{"index":"index","follow":"follow","max-snippet":"max-snippet:-1","max-image-preview":"max-image-preview:large","max-video-preview":"max-video-preview:-1"},"canonical":"https:\/\/baportal.sk\/podnajom\/in\/64672\/","og_locale":"sk_SK","og_type":"article","og_title":"BOSEN | \u0160t\u00fdlov\u00fd 2 izbov\u00fd byt v bl\u00edzkosti Star\u00e9ho Mesta, 53 m2, Z\u00e1hradn\u00edcka | Podn\u00e1jom - Baportal.sk - Bratislava","og_description":"Bosen Group V\u00e1m pon\u00faka na pren\u00e1jom dizajnov\u00fd a kompletne zrekon\u0161truovan\u00fd 2 izbov\u00fd byt v centre mesta. Nach\u00e1dza sa na 1. poschod\u00ed bytov\u00e9ho domu na","og_url":"https:\/\/baportal.sk\/podnajom\/in\/64672\/","og_site_name":"Podn\u00e1jom - Baportal.sk - Bratislava","article_published_time":"2022-05-05T01:01:49+00:00","author":"marek","twitter_card":"summary_large_image","twitter_misc":{"Autor":"marek","Predpokladan\u00fd \u010das \u010d\u00edtania":"2 min\u00faty"},"schema":{"@context":"https:\/\/schema.org","@graph":[{"@type":"WebPage","@id":"https:\/\/baportal.sk\/podnajom\/in\/64672\/","url":"https:\/\/baportal.sk\/podnajom\/in\/64672\/","name":"BOSEN | \u0160t\u00fdlov\u00fd 2 izbov\u00fd byt v bl\u00edzkosti Star\u00e9ho Mesta, 53 m2, Z\u00e1hradn\u00edcka | Podn\u00e1jom - Baportal.sk - Bratislava","isPartOf":{"@id":"https:\/\/baportal.sk\/podnajom\/#website"},"primaryImageOfPage":{"@id":"https:\/\/baportal.sk\/podnajom\/in\/64672\/#primaryimage"},"image":{"@id":"https:\/\/baportal.sk\/podnajom\/in\/64672\/#primaryimage"},"thumbnailUrl":"https:\/\/baportal.sk\/podnajom\/wp-content\/uploads\/2023\/08\/BOSEN-Stylovy-2-izbovy-byt-v-blizkosti-Stareho-Mesta.jpeg","datePublished":"2022-05-05T01:01:49+00:00","dateModified":"2022-05-05T01:01:49+00:00","author":{"@id":"https:\/\/baportal.sk\/podnajom\/#\/schema\/person\/1048c08c599b2e93379d6374549bd168"},"description":"Bosen Group V\u00e1m pon\u00faka na pren\u00e1jom dizajnov\u00fd a kompletne zrekon\u0161truovan\u00fd 2 izbov\u00fd byt v centre mesta. Nach\u00e1dza sa na 1. poschod\u00ed bytov\u00e9ho domu na","breadcrumb":{"@id":"https:\/\/baportal.sk\/podnajom\/in\/64672\/#breadcrumb"},"inLanguage":"sk-SK","potentialAction":[{"@type":"ReadAction","target":["https:\/\/baportal.sk\/podnajom\/in\/64672\/"]}]},{"@type":"ImageObject","inLanguage":"sk-SK","@id":"https:\/\/baportal.sk\/podnajom\/in\/64672\/#primaryimage","url":"https:\/\/baportal.sk\/podnajom\/wp-content\/uploads\/2023\/08\/BOSEN-Stylovy-2-izbovy-byt-v-blizkosti-Stareho-Mesta.jpeg","contentUrl":"https:\/\/baportal.sk\/podnajom\/wp-content\/uploads\/2023\/08\/BOSEN-Stylovy-2-izbovy-byt-v-blizkosti-Stareho-Mesta.jpeg","width":600,"height":315},{"@type":"BreadcrumbList","@id":"https:\/\/baportal.sk\/podnajom\/in\/64672\/#breadcrumb","itemListElement":[{"@type":"ListItem","position":1,"name":"Domovsk\u00e1 str\u00e1nka","item":"https:\/\/baportal.sk\/podnajom\/"},{"@type":"ListItem","position":2,"name":"BOSEN | \u0160t\u00fdlov\u00fd 2 izbov\u00fd byt v bl\u00edzkosti Star\u00e9ho Mesta, 53 m2, Z\u00e1hradn\u00edcka"}]},{"@type":"WebSite","@id":"https:\/\/baportal.sk\/podnajom\/#website","url":"https:\/\/baportal.sk\/podnajom\/","name":"Podn\u00e1jom - Baportal.sk - Bratislava","description":"","potentialAction":[{"@type":"SearchAction","target":{"@type":"EntryPoint","urlTemplate":"https:\/\/baportal.sk\/podnajom\/?s={search_term_string}"},"query-input":"required name=search_term_string"}],"inLanguage":"sk-SK"},{"@type":"Person","@id":"https:\/\/baportal.sk\/podnajom\/#\/schema\/person\/1048c08c599b2e93379d6374549bd168","name":"marek","image":{"@type":"ImageObject","inLanguage":"sk-SK","@id":"https:\/\/baportal.sk\/podnajom\/#\/schema\/person\/image\/","url":"https:\/\/secure.gravatar.com\/avatar\/cdf0fbd37411d455f1afd87f93b867f6?s=96&d=mm&r=g","contentUrl":"https:\/\/secure.gravatar.com\/avatar\/cdf0fbd37411d455f1afd87f93b867f6?s=96&d=mm&r=g","caption":"marek"},"sameAs":["https:\/\/www.baportal.sk\/podnajom"]}]}},"_links":{"self":[{"href":"https:\/\/baportal.sk\/podnajom\/wp-json\/wp\/v2\/posts\/64672"}],"collection":[{"href":"https:\/\/baportal.sk\/podnajom\/wp-json\/wp\/v2\/posts"}],"about":[{"href":"https:\/\/baportal.sk\/podnajom\/wp-json\/wp\/v2\/types\/post"}],"author":[{"embeddable":true,"href":"https:\/\/baportal.sk\/podnajom\/wp-json\/wp\/v2\/users\/1"}],"replies":[{"embeddable":true,"href":"https:\/\/baportal.sk\/podnajom\/wp-json\/wp\/v2\/comments?post=64672"}],"version-history":[{"count":0,"href":"https:\/\/baportal.sk\/podnajom\/wp-json\/wp\/v2\/posts\/64672\/revisions"}],"wp:featuredmedia":[{"embeddable":true,"href":"https:\/\/baportal.sk\/podnajom\/wp-json\/wp\/v2\/media\/64673"}],"wp:attachment":[{"href":"https:\/\/baportal.sk\/podnajom\/wp-json\/wp\/v2\/media?parent=64672"}],"wp:term":[{"taxonomy":"category","embeddable":true,"href":"https:\/\/baportal.sk\/podnajom\/wp-json\/wp\/v2\/categories?post=64672"},{"taxonomy":"post_tag","embeddable":true,"href":"https:\/\/baportal.sk\/podnajom\/wp-json\/wp\/v2\/tags?post=64672"}],"curies":[{"name":"wp","href":"https:\/\/api.w.org\/{rel}","templated":true}]}}