{"id":64719,"date":"2023-08-05T10:58:31","date_gmt":"2023-08-05T08:58:31","guid":{"rendered":"https:\/\/baportal.sk\/podnajom\/in\/64719\/"},"modified":"2023-08-05T10:58:31","modified_gmt":"2023-08-05T08:58:31","slug":"hladame-2-izb-byt-do-podnajmu-v-ba-v-texte","status":"publish","type":"post","link":"https:\/\/baportal.sk\/podnajom\/in\/64719\/","title":{"rendered":"H\u013ead\u00e1me 2-izb. byt do podn\u00e1jmu v BA: V texte"},"content":{"rendered":"<p>Dobr\u00fd de\u0148,<br \/>\nsme mlad\u00fd p\u00e1r, obaja \u017eijeme a pracujeme v Bratislave. S priate\u013ekou si h\u013ead\u00e1me 2-izbov\u00fd byt bl\u00edzko centra do 700\u20ac s energiami. Ja som z Bratislavy a priate\u013eka tu \u017eije piaty rok. Sme nekonfliktn\u00ed, nefaj\u010d\u00edme, nem\u00e1me zvierat\u00e1.<br \/>\nP\u00ed\u0161te v k\u013eud ...<\/p>\n","protected":false},"excerpt":{"rendered":"<p>Dobr\u00fd de\u0148, sme mlad\u00fd p\u00e1r, obaja \u017eijeme a pracujeme v Bratislave. S priate\u013ekou si h\u013ead\u00e1me 2-izbov\u00fd byt bl\u00edzko centra do 700\u20ac s energiami. Ja som z Bratislavy a priate\u013eka tu \u017eije piaty rok. Sme nekonfliktn\u00ed, nefaj\u010d\u00edme, nem\u00e1me zvierat\u00e1. P\u00ed\u0161te v k\u013eud ...<\/p>\n","protected":false},"author":1,"featured_media":0,"comment_status":"open","ping_status":"open","sticky":false,"template":"","format":"standard","meta":{"footnotes":""},"categories":[4],"tags":[],"class_list":["post-64719","post","type-post","status-publish","format-standard","hentry","category-prenajom-bytu"],"yoast_head":"<!-- This site is optimized with the Yoast SEO plugin v23.1 - https:\/\/yoast.com\/wordpress\/plugins\/seo\/ -->\n<title>H\u013ead\u00e1me 2-izb. byt do podn\u00e1jmu v BA: V texte | Podn\u00e1jom - Baportal.sk - Bratislava<\/title>\n<meta name=\"description\" content=\"Dobr\u00fd de\u0148, sme mlad\u00fd p\u00e1r, obaja \u017eijeme a pracujeme v Bratislave. S priate\u013ekou si h\u013ead\u00e1me 2-izbov\u00fd byt bl\u00edzko centra do 700\u20ac s energiami. Ja som z\" \/>\n<meta name=\"robots\" content=\"index, follow, max-snippet:-1, max-image-preview:large, max-video-preview:-1\" \/>\n<link rel=\"canonical\" href=\"https:\/\/baportal.sk\/podnajom\/in\/64719\/\" \/>\n<meta property=\"og:locale\" content=\"sk_SK\" \/>\n<meta property=\"og:type\" content=\"article\" \/>\n<meta property=\"og:title\" content=\"H\u013ead\u00e1me 2-izb. byt do podn\u00e1jmu v BA: V texte | Podn\u00e1jom - Baportal.sk - Bratislava\" \/>\n<meta property=\"og:description\" content=\"Dobr\u00fd de\u0148, sme mlad\u00fd p\u00e1r, obaja \u017eijeme a pracujeme v Bratislave. S priate\u013ekou si h\u013ead\u00e1me 2-izbov\u00fd byt bl\u00edzko centra do 700\u20ac s energiami. Ja som z\" \/>\n<meta property=\"og:url\" content=\"https:\/\/baportal.sk\/podnajom\/in\/64719\/\" \/>\n<meta property=\"og:site_name\" content=\"Podn\u00e1jom - Baportal.sk - Bratislava\" \/>\n<meta property=\"article:published_time\" content=\"2023-08-05T08:58:31+00:00\" \/>\n<meta name=\"author\" content=\"marek\" \/>\n<meta name=\"twitter:card\" content=\"summary_large_image\" \/>\n<meta name=\"twitter:label1\" content=\"Autor\" \/>\n\t<meta name=\"twitter:data1\" content=\"marek\" \/>\n<script type=\"application\/ld+json\" class=\"yoast-schema-graph\">{\"@context\":\"https:\/\/schema.org\",\"@graph\":[{\"@type\":\"WebPage\",\"@id\":\"https:\/\/baportal.sk\/podnajom\/in\/64719\/\",\"url\":\"https:\/\/baportal.sk\/podnajom\/in\/64719\/\",\"name\":\"H\u013ead\u00e1me 2-izb. byt do podn\u00e1jmu v BA: V texte | Podn\u00e1jom - Baportal.sk - Bratislava\",\"isPartOf\":{\"@id\":\"https:\/\/baportal.sk\/podnajom\/#website\"},\"datePublished\":\"2023-08-05T08:58:31+00:00\",\"dateModified\":\"2023-08-05T08:58:31+00:00\",\"author\":{\"@id\":\"https:\/\/baportal.sk\/podnajom\/#\/schema\/person\/1048c08c599b2e93379d6374549bd168\"},\"description\":\"Dobr\u00fd de\u0148, sme mlad\u00fd p\u00e1r, obaja \u017eijeme a pracujeme v Bratislave. S priate\u013ekou si h\u013ead\u00e1me 2-izbov\u00fd byt bl\u00edzko centra do 700\u20ac s energiami. Ja som z\",\"breadcrumb\":{\"@id\":\"https:\/\/baportal.sk\/podnajom\/in\/64719\/#breadcrumb\"},\"inLanguage\":\"sk-SK\",\"potentialAction\":[{\"@type\":\"ReadAction\",\"target\":[\"https:\/\/baportal.sk\/podnajom\/in\/64719\/\"]}]},{\"@type\":\"BreadcrumbList\",\"@id\":\"https:\/\/baportal.sk\/podnajom\/in\/64719\/#breadcrumb\",\"itemListElement\":[{\"@type\":\"ListItem\",\"position\":1,\"name\":\"Domovsk\u00e1 str\u00e1nka\",\"item\":\"https:\/\/baportal.sk\/podnajom\/\"},{\"@type\":\"ListItem\",\"position\":2,\"name\":\"H\u013ead\u00e1me 2-izb. byt do podn\u00e1jmu v BA: V texte\"}]},{\"@type\":\"WebSite\",\"@id\":\"https:\/\/baportal.sk\/podnajom\/#website\",\"url\":\"https:\/\/baportal.sk\/podnajom\/\",\"name\":\"Podn\u00e1jom - Baportal.sk - Bratislava\",\"description\":\"\",\"potentialAction\":[{\"@type\":\"SearchAction\",\"target\":{\"@type\":\"EntryPoint\",\"urlTemplate\":\"https:\/\/baportal.sk\/podnajom\/?s={search_term_string}\"},\"query-input\":\"required name=search_term_string\"}],\"inLanguage\":\"sk-SK\"},{\"@type\":\"Person\",\"@id\":\"https:\/\/baportal.sk\/podnajom\/#\/schema\/person\/1048c08c599b2e93379d6374549bd168\",\"name\":\"marek\",\"image\":{\"@type\":\"ImageObject\",\"inLanguage\":\"sk-SK\",\"@id\":\"https:\/\/baportal.sk\/podnajom\/#\/schema\/person\/image\/\",\"url\":\"https:\/\/secure.gravatar.com\/avatar\/cdf0fbd37411d455f1afd87f93b867f6?s=96&d=mm&r=g\",\"contentUrl\":\"https:\/\/secure.gravatar.com\/avatar\/cdf0fbd37411d455f1afd87f93b867f6?s=96&d=mm&r=g\",\"caption\":\"marek\"},\"sameAs\":[\"https:\/\/www.baportal.sk\/podnajom\"]}]}<\/script>\n<!-- \/ Yoast SEO plugin. -->","yoast_head_json":{"title":"H\u013ead\u00e1me 2-izb. byt do podn\u00e1jmu v BA: V texte | Podn\u00e1jom - Baportal.sk - Bratislava","description":"Dobr\u00fd de\u0148, sme mlad\u00fd p\u00e1r, obaja \u017eijeme a pracujeme v Bratislave. S priate\u013ekou si h\u013ead\u00e1me 2-izbov\u00fd byt bl\u00edzko centra do 700\u20ac s energiami. Ja som z","robots":{"index":"index","follow":"follow","max-snippet":"max-snippet:-1","max-image-preview":"max-image-preview:large","max-video-preview":"max-video-preview:-1"},"canonical":"https:\/\/baportal.sk\/podnajom\/in\/64719\/","og_locale":"sk_SK","og_type":"article","og_title":"H\u013ead\u00e1me 2-izb. byt do podn\u00e1jmu v BA: V texte | Podn\u00e1jom - Baportal.sk - Bratislava","og_description":"Dobr\u00fd de\u0148, sme mlad\u00fd p\u00e1r, obaja \u017eijeme a pracujeme v Bratislave. S priate\u013ekou si h\u013ead\u00e1me 2-izbov\u00fd byt bl\u00edzko centra do 700\u20ac s energiami. Ja som z","og_url":"https:\/\/baportal.sk\/podnajom\/in\/64719\/","og_site_name":"Podn\u00e1jom - Baportal.sk - Bratislava","article_published_time":"2023-08-05T08:58:31+00:00","author":"marek","twitter_card":"summary_large_image","twitter_misc":{"Autor":"marek"},"schema":{"@context":"https:\/\/schema.org","@graph":[{"@type":"WebPage","@id":"https:\/\/baportal.sk\/podnajom\/in\/64719\/","url":"https:\/\/baportal.sk\/podnajom\/in\/64719\/","name":"H\u013ead\u00e1me 2-izb. byt do podn\u00e1jmu v BA: V texte | Podn\u00e1jom - Baportal.sk - Bratislava","isPartOf":{"@id":"https:\/\/baportal.sk\/podnajom\/#website"},"datePublished":"2023-08-05T08:58:31+00:00","dateModified":"2023-08-05T08:58:31+00:00","author":{"@id":"https:\/\/baportal.sk\/podnajom\/#\/schema\/person\/1048c08c599b2e93379d6374549bd168"},"description":"Dobr\u00fd de\u0148, sme mlad\u00fd p\u00e1r, obaja \u017eijeme a pracujeme v Bratislave. S priate\u013ekou si h\u013ead\u00e1me 2-izbov\u00fd byt bl\u00edzko centra do 700\u20ac s energiami. Ja som z","breadcrumb":{"@id":"https:\/\/baportal.sk\/podnajom\/in\/64719\/#breadcrumb"},"inLanguage":"sk-SK","potentialAction":[{"@type":"ReadAction","target":["https:\/\/baportal.sk\/podnajom\/in\/64719\/"]}]},{"@type":"BreadcrumbList","@id":"https:\/\/baportal.sk\/podnajom\/in\/64719\/#breadcrumb","itemListElement":[{"@type":"ListItem","position":1,"name":"Domovsk\u00e1 str\u00e1nka","item":"https:\/\/baportal.sk\/podnajom\/"},{"@type":"ListItem","position":2,"name":"H\u013ead\u00e1me 2-izb. byt do podn\u00e1jmu v BA: V texte"}]},{"@type":"WebSite","@id":"https:\/\/baportal.sk\/podnajom\/#website","url":"https:\/\/baportal.sk\/podnajom\/","name":"Podn\u00e1jom - Baportal.sk - Bratislava","description":"","potentialAction":[{"@type":"SearchAction","target":{"@type":"EntryPoint","urlTemplate":"https:\/\/baportal.sk\/podnajom\/?s={search_term_string}"},"query-input":"required name=search_term_string"}],"inLanguage":"sk-SK"},{"@type":"Person","@id":"https:\/\/baportal.sk\/podnajom\/#\/schema\/person\/1048c08c599b2e93379d6374549bd168","name":"marek","image":{"@type":"ImageObject","inLanguage":"sk-SK","@id":"https:\/\/baportal.sk\/podnajom\/#\/schema\/person\/image\/","url":"https:\/\/secure.gravatar.com\/avatar\/cdf0fbd37411d455f1afd87f93b867f6?s=96&d=mm&r=g","contentUrl":"https:\/\/secure.gravatar.com\/avatar\/cdf0fbd37411d455f1afd87f93b867f6?s=96&d=mm&r=g","caption":"marek"},"sameAs":["https:\/\/www.baportal.sk\/podnajom"]}]}},"_links":{"self":[{"href":"https:\/\/baportal.sk\/podnajom\/wp-json\/wp\/v2\/posts\/64719"}],"collection":[{"href":"https:\/\/baportal.sk\/podnajom\/wp-json\/wp\/v2\/posts"}],"about":[{"href":"https:\/\/baportal.sk\/podnajom\/wp-json\/wp\/v2\/types\/post"}],"author":[{"embeddable":true,"href":"https:\/\/baportal.sk\/podnajom\/wp-json\/wp\/v2\/users\/1"}],"replies":[{"embeddable":true,"href":"https:\/\/baportal.sk\/podnajom\/wp-json\/wp\/v2\/comments?post=64719"}],"version-history":[{"count":0,"href":"https:\/\/baportal.sk\/podnajom\/wp-json\/wp\/v2\/posts\/64719\/revisions"}],"wp:attachment":[{"href":"https:\/\/baportal.sk\/podnajom\/wp-json\/wp\/v2\/media?parent=64719"}],"wp:term":[{"taxonomy":"category","embeddable":true,"href":"https:\/\/baportal.sk\/podnajom\/wp-json\/wp\/v2\/categories?post=64719"},{"taxonomy":"post_tag","embeddable":true,"href":"https:\/\/baportal.sk\/podnajom\/wp-json\/wp\/v2\/tags?post=64719"}],"curies":[{"name":"wp","href":"https:\/\/api.w.org\/{rel}","templated":true}]}}