{"id":66261,"date":"2022-05-05T03:01:49","date_gmt":"2022-05-05T01:01:49","guid":{"rendered":"https:\/\/baportal.sk\/podnajom\/in\/66261\/"},"modified":"2022-05-05T03:01:49","modified_gmt":"2022-05-05T01:01:49","slug":"prenajom-stylovo-zariadeny-4-izbovy-byt-s-dvoma-velkymi-terasami-slnecnice","status":"publish","type":"post","link":"https:\/\/baportal.sk\/podnajom\/in\/66261\/","title":{"rendered":"PREN\u00c1JOM - \u0161t\u00fdlovo zariaden\u00fd 4 izbov\u00fd byt s dvoma ve\u013ek\u00fdmi terasami, Slne\u010dnice"},"content":{"rendered":"<div class=\"text-inner\">\n                                V exkluz\u00edvnom zast\u00fapen\u00ed V\u00e1m pon\u00fakame na pren\u00e1jom ve\u013ekorys\u00fd a kompletne zariaden\u00fd 4-izbov\u00fd byt v Bratislave - Petr\u017ealka v novostavbe Slne\u010dnice s dvoma ve\u013ek\u00fdmi terasami spojen\u00fdmi balk\u00f3nom. <br \/>\nS\u00fa\u010das\u0165ou pren\u00e1jmu je gar\u00e1\u017eov\u00e9 st\u00e1tie. <br \/>\nCelkov\u00e1 rozloha bytu vr\u00e1tane ter\u00e1s je 184,34 m2 z toho terasy 88 m2.<br \/>\nAk vy\u017eadujete komfort, \u0161t\u00fdlov\u00e9 b\u00fdvanie a dostatok priestoru, t\u00e1to nehnute\u013enos\u0165 je ur\u010den\u00e1 pre V\u00e1s.  <br \/>\nV\u010faka umiestneniu na 6. podla\u017e\u00ed zo 7. byt poskytuje ve\u013ekolep\u00fd v\u00fdh\u013ead na okolit\u00fa krajinu a Rak\u00fasko. <br \/>\nSlne\u010dn\u00e9 dni na \u010derstvom vzduchu si m\u00f4\u017eete vychutna\u0165 v\u010faka priestrann\u00fdm teras\u00e1m. <\/p>\n<p>DISPOZ\u00cdCIA BYTU: <\/p>\n<p>Z priestrannej predsiene vstupujete do sp\u00e1lne s man\u017eelskou poste\u013eou a s en-suite k\u00fape\u013e\u0148ou s presklen\u00fdm sprchovac\u00edm k\u00fatom. To dod\u00e1va miestnosti eleganciu a originalitu. <br \/>\nPriamo zo sp\u00e1lne je v\u00fdchod na terasu s fitness vybaven\u00edm - ide\u00e1lne miesto, kde sa m\u00f4\u017eete rozh\u00fdba\u0165 a za\u010da\u0165 akt\u00edvne svoj de\u0148.<br \/>\nDetsk\u00e9 izby s\u00fa hne\u010f ved\u013ea seba kompletne zariaden\u00e9. V\u00fdh\u013ead z nich m\u00e1te na hr\u00e1dzu. Z oboch izieb je vstup na balk\u00f3n, ktor\u00fd prakticky prep\u00e1ja obe terasy.<br \/>\nOproti detskej izbe je k\u00fape\u013e\u0148a s dvoj um\u00fdvadlom, toaletou a va\u0148ou. Oproti druhej detskej izbe je ve\u013ek\u00fd sklad a praktick\u00fd \u0161atn\u00edk.<br \/>\nElegantne zariaden\u00e1 kuchy\u0148a je prepojen\u00e1 s jed\u00e1l\u0148ou a ob\u00fdvacou izbou. Disponuje vstavan\u00fdmi spotrebi\u010dmi, pr\u00e1\u010dkou so su\u0161i\u010dkou, um\u00fdva\u010dkou riadu, induk\u010dn\u00e1 doska m\u00e1 integrovan\u00e9 ods\u00e1vanie. <br \/>\nOkrem ve\u013ekej chladni\u010dky s mrazni\u010dkou je \u010fal\u0161\u00ed mraziarensk\u00fd box v \u0161atn\u00edku a aby nebolo m\u00e1lo tret\u00ed je umiestnen\u00fd v dom\u010deku na terase.<br \/>\nJed\u00e1lensk\u00fd st\u00f4l je rozkladac\u00ed - vhodn\u00fd pre 8 os\u00f4b. <br \/>\nV ob\u00fdvacej izbe je sedacia s\u00faprava, TV so skrinkami a pracovn\u00fd st\u00f4l vhodn\u00fd na pr\u00e1cu z domu. Dve ve\u013ek\u00e9 franc\u00fazke okn\u00e1 s extern\u00fdmi \u017eal\u00faziami poskytuj\u00fa dostatok svetla po cel\u00fd de\u0148 a v\u00fdh\u013ead na ve\u013ek\u00fa zariaden\u00fa terasu. Terasa je vybaven\u00e1 z\u00e1hradn\u00fdm poseden\u00edm a grilom. V\u00fdh\u013ead z nej je ve\u013ekorys\u00fd na Rusovce, Jarovce a Rak\u00fasko. Vonkaj\u0161ia kuchy\u0148a disponuje vodovodnou pr\u00edpojkou. <br \/>\nV ka\u017edej izbe je LG Air klimatiz\u00e1cia, sie\u0165ky proti hmyzu, exteri\u00e9rov\u00e9 \u017eal\u00fazie s elektrick\u00fdm ovl\u00e1dan\u00edm.<\/p>\n<p>CENA A DOPL\u0147UJ\u00daCE INFO: <\/p>\n<p>Cena za pren\u00e1jom bytu je 1 600 \u20ac\/mesiac + energie vo v\u00fd\u0161ke 300 \u20ac\/mesiac (vr\u00e1tane internetu).<br \/>\nByt sa prenaj\u00edma spolu s 1 parkovac\u00edm st\u00e1t\u00edm v podzemnej gar\u00e1\u017ei na -1. poschod\u00ed za poplatok 100 \u20ac\/st\u00e1tie\/mesiac.<br \/>\nCelkov\u00e1 cena za pren\u00e1jom nehnute\u013enosti: 2 000 \u20ac\/mesiac.<br \/>\nVratn\u00fd depozit je vo v\u00fd\u0161ke 3 mesa\u010dn\u00e9ho n\u00e1jmu.<\/p>\n<p>Prov\u00edziu pre RK neplat\u00edte.<\/p>\n<p>Byt je vo\u013en\u00fd od 01.09.2023<\/p>\n<p>Tento byt pon\u00faka viacero V\u00ddHOD, ktor\u00e9 robia z neho atrakt\u00edvne miesto na b\u00fdvanie:<\/p>\n<p>\u25cf Kompletne a vkusne zariaden\u00fd byt, v ktorom sa budete c\u00edti\u0165 luxusne.<br \/>\n\u25cf Priestrann\u00e9 terasy umo\u017e\u0148uj\u00fa u\u017ei\u0165 si vonkaj\u0161\u00ed priestor a n\u00e1dhern\u00fd v\u00fdh\u013ead od jari do jesene. S\u00fa ide\u00e1lnym miestom na oddych, stretnutia s priate\u013emi a rodinou alebo na pestovanie rastl\u00edn \u010di z\u00e1hradk\u00e1r\u010denie.<br \/>\n\u25cf Posil\u0148ov\u0148a na terase aj v sp\u00e1lni. Aby ste si zacvi\u010dili nemus\u00edte nikam chodi\u0165, priamo v byte m\u00e1te svoje vlastn\u00e9 fitko. To je ve\u013ekou v\u00fdhodou pre t\u00fdch, ktor\u00ed sa zauj\u00edmaj\u00fa o zdrav\u00fd \u017eivotn\u00fd \u0161t\u00fdl a cvi\u010denie.<br \/>\n\u25cf Dve k\u00fape\u013ene s 2 toaletami je nevyhnutnos\u0165 pri viac\u010dlennej rodine. Tento komfort ur\u010dite ocen\u00edte hlavne r\u00e1no.<br \/>\n\u25cf V byte sa budete c\u00edti\u0165 viac ako bezpe\u010dne a pokojne, aj ke\u010f budete mimo domu a to v\u010faka bezpe\u010dnostn\u00fdm kamer\u00e1m, alarmu a pohybov\u00fdm senzorom.<br \/>\n\u25cf Lokalita Slne\u010dnice je atrakt\u00edvna a vyh\u013ead\u00e1van\u00e1 oblas\u0165. Poskytuje pokojn\u00e9 a pohodov\u00e9 b\u00fdvanie s r\u00fdchlou dostupnos\u0165ou do centra a so v\u0161etk\u00fdmi slu\u017ebami, ktor\u00e9 potrebujete k pohodln\u00e9mu \u017eivotn\u00e9mu \u0161t\u00fdlu. <br \/>\n\u25cf Pr\u00edtomnos\u0165 detsk\u00e9ho ihriska v bezprostrednej bl\u00edzkosti bytu ur\u010dite ocenia rodiny s de\u0165mi. Deti tak maj\u00fa svoj vlastn\u00fd priestor na hranie, socializ\u00e1ciu a akt\u00edvne tr\u00e1venie vo\u013en\u00e9ho \u010dasu.<br \/>\n\u25cf Pr\u00edjemnou v\u00fdhodou je bl\u00edzkos\u0165 hr\u00e1dze. Ocenia hlavne \u013eudia, ktor\u00ed preferuj\u00fa akt\u00edvny pohyb, relax\u00e1ciu pri vode \u010di \u0161port.<br \/>\n\u25cf R\u00fdchle napojenie na dia\u013enicu u\u013eah\u010duje cestovanie do in\u00fdch \u010dast\u00ed mesta alebo mimo neho.<\/p>\n<p>V\u010faka t\u00fdmto v\u00fdhod\u00e1m byt pon\u00faka r\u00f4znorod\u00e9 mo\u017enosti pre pohodln\u00fd a bezpe\u010dn\u00fd \u017eivotn\u00fd \u0161t\u00fdl a pohodlie, \u010di u\u017e ide o rodiny, jednotlivcov alebo pracuj\u00facich \u013eud\u00ed. <br \/>\nAk m\u00e1te pocit, \u017ee pr\u00e1ve tento byt je vhodn\u00fd pre V\u00e1\u0161 nov\u00fd domov, nev\u00e1hajte a dohodnite si osobn\u00fa obhliadku, aby ste si overili, \u010di sp\u013a\u0148a Va\u0161e individu\u00e1lne potreby a o\u010dak\u00e1vania.                            <\/div>\n","protected":false},"excerpt":{"rendered":"<p>V exkluz\u00edvnom zast\u00fapen\u00ed V\u00e1m pon\u00fakame na pren\u00e1jom ve\u013ekorys\u00fd a kompletne zariaden\u00fd 4-izbov\u00fd byt v Bratislave - Petr\u017ealka v novostavbe Slne\u010dnice s dvoma ve\u013ek\u00fdmi terasami spojen\u00fdmi balk\u00f3nom. S\u00fa\u010das\u0165ou pren\u00e1jmu je gar\u00e1\u017eov\u00e9 st\u00e1tie. Celkov\u00e1 rozloha bytu vr\u00e1tane ter\u00e1s je 184,34 m2 z toho terasy 88 m2. Ak vy\u017eadujete komfort, \u0161t\u00fdlov\u00e9 b\u00fdvanie a dostatok priestoru, t\u00e1to nehnute\u013enos\u0165 je [&hellip;]<\/p>\n","protected":false},"author":1,"featured_media":66262,"comment_status":"open","ping_status":"open","sticky":false,"template":"","format":"standard","meta":{"footnotes":""},"categories":[4],"tags":[],"class_list":["post-66261","post","type-post","status-publish","format-standard","has-post-thumbnail","hentry","category-prenajom-bytu"],"yoast_head":"<!-- This site is optimized with the Yoast SEO plugin v23.1 - https:\/\/yoast.com\/wordpress\/plugins\/seo\/ -->\n<title>PREN\u00c1JOM - \u0161t\u00fdlovo zariaden\u00fd 4 izbov\u00fd byt s dvoma ve\u013ek\u00fdmi terasami, Slne\u010dnice | Podn\u00e1jom - Baportal.sk - Bratislava<\/title>\n<meta name=\"description\" content=\"V exkluz\u00edvnom zast\u00fapen\u00ed V\u00e1m pon\u00fakame na pren\u00e1jom ve\u013ekorys\u00fd a kompletne zariaden\u00fd 4-izbov\u00fd byt v Bratislave - Petr\u017ealka v novostavbe Slne\u010dnice s dvoma\" \/>\n<meta name=\"robots\" content=\"index, follow, max-snippet:-1, max-image-preview:large, max-video-preview:-1\" \/>\n<link rel=\"canonical\" href=\"https:\/\/baportal.sk\/podnajom\/in\/66261\/\" \/>\n<meta property=\"og:locale\" content=\"sk_SK\" \/>\n<meta property=\"og:type\" content=\"article\" \/>\n<meta property=\"og:title\" content=\"PREN\u00c1JOM - \u0161t\u00fdlovo zariaden\u00fd 4 izbov\u00fd byt s dvoma ve\u013ek\u00fdmi terasami, Slne\u010dnice | Podn\u00e1jom - Baportal.sk - Bratislava\" \/>\n<meta property=\"og:description\" content=\"V exkluz\u00edvnom zast\u00fapen\u00ed V\u00e1m pon\u00fakame na pren\u00e1jom ve\u013ekorys\u00fd a kompletne zariaden\u00fd 4-izbov\u00fd byt v Bratislave - Petr\u017ealka v novostavbe Slne\u010dnice s dvoma\" \/>\n<meta property=\"og:url\" content=\"https:\/\/baportal.sk\/podnajom\/in\/66261\/\" \/>\n<meta property=\"og:site_name\" content=\"Podn\u00e1jom - Baportal.sk - Bratislava\" \/>\n<meta property=\"article:published_time\" content=\"2022-05-05T01:01:49+00:00\" \/>\n<meta name=\"author\" content=\"marek\" \/>\n<meta name=\"twitter:card\" content=\"summary_large_image\" \/>\n<meta name=\"twitter:label1\" content=\"Autor\" \/>\n\t<meta name=\"twitter:data1\" content=\"marek\" \/>\n\t<meta name=\"twitter:label2\" content=\"Predpokladan\u00fd \u010das \u010d\u00edtania\" \/>\n\t<meta name=\"twitter:data2\" content=\"4 min\u00faty\" \/>\n<script type=\"application\/ld+json\" class=\"yoast-schema-graph\">{\"@context\":\"https:\/\/schema.org\",\"@graph\":[{\"@type\":\"WebPage\",\"@id\":\"https:\/\/baportal.sk\/podnajom\/in\/66261\/\",\"url\":\"https:\/\/baportal.sk\/podnajom\/in\/66261\/\",\"name\":\"PREN\u00c1JOM - \u0161t\u00fdlovo zariaden\u00fd 4 izbov\u00fd byt s dvoma ve\u013ek\u00fdmi terasami, Slne\u010dnice | Podn\u00e1jom - Baportal.sk - Bratislava\",\"isPartOf\":{\"@id\":\"https:\/\/baportal.sk\/podnajom\/#website\"},\"primaryImageOfPage\":{\"@id\":\"https:\/\/baportal.sk\/podnajom\/in\/66261\/#primaryimage\"},\"image\":{\"@id\":\"https:\/\/baportal.sk\/podnajom\/in\/66261\/#primaryimage\"},\"thumbnailUrl\":\"https:\/\/baportal.sk\/podnajom\/wp-content\/uploads\/2023\/08\/PRENAJOM-stylovo-zariadeny-4-izbovy-byt-s-dvoma-velkymi.jpeg\",\"datePublished\":\"2022-05-05T01:01:49+00:00\",\"dateModified\":\"2022-05-05T01:01:49+00:00\",\"author\":{\"@id\":\"https:\/\/baportal.sk\/podnajom\/#\/schema\/person\/1048c08c599b2e93379d6374549bd168\"},\"description\":\"V exkluz\u00edvnom zast\u00fapen\u00ed V\u00e1m pon\u00fakame na pren\u00e1jom ve\u013ekorys\u00fd a kompletne zariaden\u00fd 4-izbov\u00fd byt v Bratislave - Petr\u017ealka v novostavbe Slne\u010dnice s dvoma\",\"breadcrumb\":{\"@id\":\"https:\/\/baportal.sk\/podnajom\/in\/66261\/#breadcrumb\"},\"inLanguage\":\"sk-SK\",\"potentialAction\":[{\"@type\":\"ReadAction\",\"target\":[\"https:\/\/baportal.sk\/podnajom\/in\/66261\/\"]}]},{\"@type\":\"ImageObject\",\"inLanguage\":\"sk-SK\",\"@id\":\"https:\/\/baportal.sk\/podnajom\/in\/66261\/#primaryimage\",\"url\":\"https:\/\/baportal.sk\/podnajom\/wp-content\/uploads\/2023\/08\/PRENAJOM-stylovo-zariadeny-4-izbovy-byt-s-dvoma-velkymi.jpeg\",\"contentUrl\":\"https:\/\/baportal.sk\/podnajom\/wp-content\/uploads\/2023\/08\/PRENAJOM-stylovo-zariadeny-4-izbovy-byt-s-dvoma-velkymi.jpeg\",\"width\":600,\"height\":315},{\"@type\":\"BreadcrumbList\",\"@id\":\"https:\/\/baportal.sk\/podnajom\/in\/66261\/#breadcrumb\",\"itemListElement\":[{\"@type\":\"ListItem\",\"position\":1,\"name\":\"Domovsk\u00e1 str\u00e1nka\",\"item\":\"https:\/\/baportal.sk\/podnajom\/\"},{\"@type\":\"ListItem\",\"position\":2,\"name\":\"PREN\u00c1JOM - \u0161t\u00fdlovo zariaden\u00fd 4 izbov\u00fd byt s dvoma ve\u013ek\u00fdmi terasami, Slne\u010dnice\"}]},{\"@type\":\"WebSite\",\"@id\":\"https:\/\/baportal.sk\/podnajom\/#website\",\"url\":\"https:\/\/baportal.sk\/podnajom\/\",\"name\":\"Podn\u00e1jom - Baportal.sk - Bratislava\",\"description\":\"\",\"potentialAction\":[{\"@type\":\"SearchAction\",\"target\":{\"@type\":\"EntryPoint\",\"urlTemplate\":\"https:\/\/baportal.sk\/podnajom\/?s={search_term_string}\"},\"query-input\":\"required name=search_term_string\"}],\"inLanguage\":\"sk-SK\"},{\"@type\":\"Person\",\"@id\":\"https:\/\/baportal.sk\/podnajom\/#\/schema\/person\/1048c08c599b2e93379d6374549bd168\",\"name\":\"marek\",\"image\":{\"@type\":\"ImageObject\",\"inLanguage\":\"sk-SK\",\"@id\":\"https:\/\/baportal.sk\/podnajom\/#\/schema\/person\/image\/\",\"url\":\"https:\/\/secure.gravatar.com\/avatar\/cdf0fbd37411d455f1afd87f93b867f6?s=96&d=mm&r=g\",\"contentUrl\":\"https:\/\/secure.gravatar.com\/avatar\/cdf0fbd37411d455f1afd87f93b867f6?s=96&d=mm&r=g\",\"caption\":\"marek\"},\"sameAs\":[\"https:\/\/www.baportal.sk\/podnajom\"]}]}<\/script>\n<!-- \/ Yoast SEO plugin. -->","yoast_head_json":{"title":"PREN\u00c1JOM - \u0161t\u00fdlovo zariaden\u00fd 4 izbov\u00fd byt s dvoma ve\u013ek\u00fdmi terasami, Slne\u010dnice | Podn\u00e1jom - Baportal.sk - Bratislava","description":"V exkluz\u00edvnom zast\u00fapen\u00ed V\u00e1m pon\u00fakame na pren\u00e1jom ve\u013ekorys\u00fd a kompletne zariaden\u00fd 4-izbov\u00fd byt v Bratislave - Petr\u017ealka v novostavbe Slne\u010dnice s dvoma","robots":{"index":"index","follow":"follow","max-snippet":"max-snippet:-1","max-image-preview":"max-image-preview:large","max-video-preview":"max-video-preview:-1"},"canonical":"https:\/\/baportal.sk\/podnajom\/in\/66261\/","og_locale":"sk_SK","og_type":"article","og_title":"PREN\u00c1JOM - \u0161t\u00fdlovo zariaden\u00fd 4 izbov\u00fd byt s dvoma ve\u013ek\u00fdmi terasami, Slne\u010dnice | Podn\u00e1jom - Baportal.sk - Bratislava","og_description":"V exkluz\u00edvnom zast\u00fapen\u00ed V\u00e1m pon\u00fakame na pren\u00e1jom ve\u013ekorys\u00fd a kompletne zariaden\u00fd 4-izbov\u00fd byt v Bratislave - Petr\u017ealka v novostavbe Slne\u010dnice s dvoma","og_url":"https:\/\/baportal.sk\/podnajom\/in\/66261\/","og_site_name":"Podn\u00e1jom - Baportal.sk - Bratislava","article_published_time":"2022-05-05T01:01:49+00:00","author":"marek","twitter_card":"summary_large_image","twitter_misc":{"Autor":"marek","Predpokladan\u00fd \u010das \u010d\u00edtania":"4 min\u00faty"},"schema":{"@context":"https:\/\/schema.org","@graph":[{"@type":"WebPage","@id":"https:\/\/baportal.sk\/podnajom\/in\/66261\/","url":"https:\/\/baportal.sk\/podnajom\/in\/66261\/","name":"PREN\u00c1JOM - \u0161t\u00fdlovo zariaden\u00fd 4 izbov\u00fd byt s dvoma ve\u013ek\u00fdmi terasami, Slne\u010dnice | Podn\u00e1jom - Baportal.sk - Bratislava","isPartOf":{"@id":"https:\/\/baportal.sk\/podnajom\/#website"},"primaryImageOfPage":{"@id":"https:\/\/baportal.sk\/podnajom\/in\/66261\/#primaryimage"},"image":{"@id":"https:\/\/baportal.sk\/podnajom\/in\/66261\/#primaryimage"},"thumbnailUrl":"https:\/\/baportal.sk\/podnajom\/wp-content\/uploads\/2023\/08\/PRENAJOM-stylovo-zariadeny-4-izbovy-byt-s-dvoma-velkymi.jpeg","datePublished":"2022-05-05T01:01:49+00:00","dateModified":"2022-05-05T01:01:49+00:00","author":{"@id":"https:\/\/baportal.sk\/podnajom\/#\/schema\/person\/1048c08c599b2e93379d6374549bd168"},"description":"V exkluz\u00edvnom zast\u00fapen\u00ed V\u00e1m pon\u00fakame na pren\u00e1jom ve\u013ekorys\u00fd a kompletne zariaden\u00fd 4-izbov\u00fd byt v Bratislave - Petr\u017ealka v novostavbe Slne\u010dnice s dvoma","breadcrumb":{"@id":"https:\/\/baportal.sk\/podnajom\/in\/66261\/#breadcrumb"},"inLanguage":"sk-SK","potentialAction":[{"@type":"ReadAction","target":["https:\/\/baportal.sk\/podnajom\/in\/66261\/"]}]},{"@type":"ImageObject","inLanguage":"sk-SK","@id":"https:\/\/baportal.sk\/podnajom\/in\/66261\/#primaryimage","url":"https:\/\/baportal.sk\/podnajom\/wp-content\/uploads\/2023\/08\/PRENAJOM-stylovo-zariadeny-4-izbovy-byt-s-dvoma-velkymi.jpeg","contentUrl":"https:\/\/baportal.sk\/podnajom\/wp-content\/uploads\/2023\/08\/PRENAJOM-stylovo-zariadeny-4-izbovy-byt-s-dvoma-velkymi.jpeg","width":600,"height":315},{"@type":"BreadcrumbList","@id":"https:\/\/baportal.sk\/podnajom\/in\/66261\/#breadcrumb","itemListElement":[{"@type":"ListItem","position":1,"name":"Domovsk\u00e1 str\u00e1nka","item":"https:\/\/baportal.sk\/podnajom\/"},{"@type":"ListItem","position":2,"name":"PREN\u00c1JOM - \u0161t\u00fdlovo zariaden\u00fd 4 izbov\u00fd byt s dvoma ve\u013ek\u00fdmi terasami, Slne\u010dnice"}]},{"@type":"WebSite","@id":"https:\/\/baportal.sk\/podnajom\/#website","url":"https:\/\/baportal.sk\/podnajom\/","name":"Podn\u00e1jom - Baportal.sk - Bratislava","description":"","potentialAction":[{"@type":"SearchAction","target":{"@type":"EntryPoint","urlTemplate":"https:\/\/baportal.sk\/podnajom\/?s={search_term_string}"},"query-input":"required name=search_term_string"}],"inLanguage":"sk-SK"},{"@type":"Person","@id":"https:\/\/baportal.sk\/podnajom\/#\/schema\/person\/1048c08c599b2e93379d6374549bd168","name":"marek","image":{"@type":"ImageObject","inLanguage":"sk-SK","@id":"https:\/\/baportal.sk\/podnajom\/#\/schema\/person\/image\/","url":"https:\/\/secure.gravatar.com\/avatar\/cdf0fbd37411d455f1afd87f93b867f6?s=96&d=mm&r=g","contentUrl":"https:\/\/secure.gravatar.com\/avatar\/cdf0fbd37411d455f1afd87f93b867f6?s=96&d=mm&r=g","caption":"marek"},"sameAs":["https:\/\/www.baportal.sk\/podnajom"]}]}},"_links":{"self":[{"href":"https:\/\/baportal.sk\/podnajom\/wp-json\/wp\/v2\/posts\/66261"}],"collection":[{"href":"https:\/\/baportal.sk\/podnajom\/wp-json\/wp\/v2\/posts"}],"about":[{"href":"https:\/\/baportal.sk\/podnajom\/wp-json\/wp\/v2\/types\/post"}],"author":[{"embeddable":true,"href":"https:\/\/baportal.sk\/podnajom\/wp-json\/wp\/v2\/users\/1"}],"replies":[{"embeddable":true,"href":"https:\/\/baportal.sk\/podnajom\/wp-json\/wp\/v2\/comments?post=66261"}],"version-history":[{"count":0,"href":"https:\/\/baportal.sk\/podnajom\/wp-json\/wp\/v2\/posts\/66261\/revisions"}],"wp:featuredmedia":[{"embeddable":true,"href":"https:\/\/baportal.sk\/podnajom\/wp-json\/wp\/v2\/media\/66262"}],"wp:attachment":[{"href":"https:\/\/baportal.sk\/podnajom\/wp-json\/wp\/v2\/media?parent=66261"}],"wp:term":[{"taxonomy":"category","embeddable":true,"href":"https:\/\/baportal.sk\/podnajom\/wp-json\/wp\/v2\/categories?post=66261"},{"taxonomy":"post_tag","embeddable":true,"href":"https:\/\/baportal.sk\/podnajom\/wp-json\/wp\/v2\/tags?post=66261"}],"curies":[{"name":"wp","href":"https:\/\/api.w.org\/{rel}","templated":true}]}}