{"id":66920,"date":"2022-05-05T03:01:49","date_gmt":"2022-05-05T01:01:49","guid":{"rendered":"https:\/\/baportal.sk\/podnajom\/in\/66920\/"},"modified":"2022-05-05T03:01:49","modified_gmt":"2022-05-05T01:01:49","slug":"exkluzivny-byt-s-terasou-a-s-balkonom-spolu-84m2-nadherny-vyhlad-na-hrad-a-slavin","status":"publish","type":"post","link":"https:\/\/baportal.sk\/podnajom\/in\/66920\/","title":{"rendered":"EXKLUZ\u00cdVN\u00dd  BYT  S TERASOU  a S BALK\u00d3NOM, spolu 84m2, N\u00c1DHERN\u00dd V\u00ddH\u013dAD NA HRAD a SLAV\u00cdN."},"content":{"rendered":"<div class=\"text-inner\">\n                                Pon\u00fakame V\u00e1m na DLHODOB\u00dd  pren\u00e1jom tento priestrann\u00fd 2i. byt S TERASOU a S BALK\u00d3NOM, ktor\u00fd sa nach\u00e1dza  v Bratislave, m.\u010d. Star\u00e9 Mesto, ulica \u0160tefanovi\u010dova, hne\u010f VED\u013dA  \u00daRADU VL\u00c1DY a PREZIDENTSKEJ  Z\u00c1HRADY. <\/p>\n<p>Celkov\u00e1 podlahov\u00e1 plocha nehnute\u013enosti je 84 m2 z \u010doho \u010dist\u00e1  plocha interi\u00e9ru bytu tvor\u00ed 65 m2 + zastre\u0161en\u00e1 terasa z kuchyne 12 m2 + balk\u00f3n zo sp\u00e1lne  7 m2. <\/p>\n<p>Tento priestrann\u00fd BYT S JEDINE\u010cNOU ATMOSF\u00c9ROU je situovan\u00fd v najvy\u0161\u0161om 7\/7 podla\u017e\u00ed v TEHLOVOM BYTOVOM DOME S V\u00dd\u0164AHOM.<\/p>\n<p>Byt sa pon\u00faka do pren\u00e1jmu kompletne zariaden\u00fd vkusn\u00fdm n\u00e1bytkom a vybaven\u00fd elektrospotrebi\u010dmi vr\u00e1tane VSTAVANEJ UM\u00ddVA\u010cKY RIADU v kuchynskej linke a LCD TV v ob\u00fdvacej izbe.<\/p>\n<p>Komfort b\u00fdvania je zabezpe\u010den\u00fd samotnou lokalitou v ktorej sa bytov\u00fd dom nach\u00e1dza vr\u00e1tane dostupnosti MHD ako aj vlakov\u00e9ho spojenia, potraviny priamo v pr\u00edzem\u00ed domu, re\u0161taur\u00e1cie, kaviare\u0148 a k dispoz\u00edci\u00ed je aj TRHOVISKO S OVOC\u00cdM a ZELENINOU DOM\u00c1CEJ PRODUKCIE.<br \/>\nHNE\u010e VED\u013dA DOMU JE TAKTIE\u017d UPRAVEN\u00dd  PARK SO ZELE\u0147OU.<\/p>\n<p>PARKOVANIE  FORMOU REZIDEN\u010cNEJ KARTY.<\/p>\n<p>BYT  JE  VHODN\u00dd  MAXIM\u00c1LNE  PRE  P\u00c1R  BEZ  DET\u00cd  A  BEZ  ZVIERAT.<\/p>\n<p>Cena n\u00e1jmu je 880,-EUR\/mes. + energie a slu\u017eby 100,-EUR\/mes. (pre 2 osoby).<br \/>\nZ\u00e1ujemca hrad\u00ed pred odovzdan\u00edm bytu prv\u00fd n\u00e1jom 980,-EUR + vratn\u00fa kauciu za byt 1500,-EUR + poplatok Rk 490,-EUR za sprostredkovanie n\u00e1jmu.<br \/>\nTEL.:  +421 902 620 520                            <\/div>\n","protected":false},"excerpt":{"rendered":"<p>Pon\u00fakame V\u00e1m na DLHODOB\u00dd pren\u00e1jom tento priestrann\u00fd 2i. byt S TERASOU a S BALK\u00d3NOM, ktor\u00fd sa nach\u00e1dza v Bratislave, m.\u010d. Star\u00e9 Mesto, ulica \u0160tefanovi\u010dova, hne\u010f VED\u013dA \u00daRADU VL\u00c1DY a PREZIDENTSKEJ Z\u00c1HRADY. Celkov\u00e1 podlahov\u00e1 plocha nehnute\u013enosti je 84 m2 z \u010doho \u010dist\u00e1 plocha interi\u00e9ru bytu tvor\u00ed 65 m2 + zastre\u0161en\u00e1 terasa z kuchyne 12 m2 + [&hellip;]<\/p>\n","protected":false},"author":1,"featured_media":66921,"comment_status":"open","ping_status":"open","sticky":false,"template":"","format":"standard","meta":{"footnotes":""},"categories":[4],"tags":[],"class_list":["post-66920","post","type-post","status-publish","format-standard","has-post-thumbnail","hentry","category-prenajom-bytu"],"yoast_head":"<!-- This site is optimized with the Yoast SEO plugin v23.1 - https:\/\/yoast.com\/wordpress\/plugins\/seo\/ -->\n<title>EXKLUZ\u00cdVN\u00dd BYT S TERASOU a S BALK\u00d3NOM, spolu 84m2, N\u00c1DHERN\u00dd V\u00ddH\u013dAD NA HRAD a SLAV\u00cdN. | Podn\u00e1jom - Baportal.sk - Bratislava<\/title>\n<meta name=\"description\" content=\"Pon\u00fakame V\u00e1m na DLHODOB\u00dd pren\u00e1jom tento priestrann\u00fd 2i. byt S TERASOU a S BALK\u00d3NOM, ktor\u00fd sa nach\u00e1dza v Bratislave, m.\u010d. Star\u00e9 Mesto, ulica \u0160tefanovi\u010dova,\" \/>\n<meta name=\"robots\" content=\"index, follow, max-snippet:-1, max-image-preview:large, max-video-preview:-1\" \/>\n<link rel=\"canonical\" href=\"https:\/\/baportal.sk\/podnajom\/in\/66920\/\" \/>\n<meta property=\"og:locale\" content=\"sk_SK\" \/>\n<meta property=\"og:type\" content=\"article\" \/>\n<meta property=\"og:title\" content=\"EXKLUZ\u00cdVN\u00dd BYT S TERASOU a S BALK\u00d3NOM, spolu 84m2, N\u00c1DHERN\u00dd V\u00ddH\u013dAD NA HRAD a SLAV\u00cdN. | Podn\u00e1jom - Baportal.sk - Bratislava\" \/>\n<meta property=\"og:description\" content=\"Pon\u00fakame V\u00e1m na DLHODOB\u00dd pren\u00e1jom tento priestrann\u00fd 2i. byt S TERASOU a S BALK\u00d3NOM, ktor\u00fd sa nach\u00e1dza v Bratislave, m.\u010d. Star\u00e9 Mesto, ulica \u0160tefanovi\u010dova,\" \/>\n<meta property=\"og:url\" content=\"https:\/\/baportal.sk\/podnajom\/in\/66920\/\" \/>\n<meta property=\"og:site_name\" content=\"Podn\u00e1jom - Baportal.sk - Bratislava\" \/>\n<meta property=\"article:published_time\" content=\"2022-05-05T01:01:49+00:00\" \/>\n<meta name=\"author\" content=\"marek\" \/>\n<meta name=\"twitter:card\" content=\"summary_large_image\" \/>\n<meta name=\"twitter:label1\" content=\"Autor\" \/>\n\t<meta name=\"twitter:data1\" content=\"marek\" \/>\n\t<meta name=\"twitter:label2\" content=\"Predpokladan\u00fd \u010das \u010d\u00edtania\" \/>\n\t<meta name=\"twitter:data2\" content=\"1 min\u00fata\" \/>\n<script type=\"application\/ld+json\" class=\"yoast-schema-graph\">{\"@context\":\"https:\/\/schema.org\",\"@graph\":[{\"@type\":\"WebPage\",\"@id\":\"https:\/\/baportal.sk\/podnajom\/in\/66920\/\",\"url\":\"https:\/\/baportal.sk\/podnajom\/in\/66920\/\",\"name\":\"EXKLUZ\u00cdVN\u00dd BYT S TERASOU a S BALK\u00d3NOM, spolu 84m2, N\u00c1DHERN\u00dd V\u00ddH\u013dAD NA HRAD a SLAV\u00cdN. | Podn\u00e1jom - Baportal.sk - Bratislava\",\"isPartOf\":{\"@id\":\"https:\/\/baportal.sk\/podnajom\/#website\"},\"primaryImageOfPage\":{\"@id\":\"https:\/\/baportal.sk\/podnajom\/in\/66920\/#primaryimage\"},\"image\":{\"@id\":\"https:\/\/baportal.sk\/podnajom\/in\/66920\/#primaryimage\"},\"thumbnailUrl\":\"https:\/\/baportal.sk\/podnajom\/wp-content\/uploads\/2023\/09\/EXKLUZIVNY-BYT-S-TERASOU-a-S-BALKONOM-spolu-84m2-NADHERNY.jpeg\",\"datePublished\":\"2022-05-05T01:01:49+00:00\",\"dateModified\":\"2022-05-05T01:01:49+00:00\",\"author\":{\"@id\":\"https:\/\/baportal.sk\/podnajom\/#\/schema\/person\/1048c08c599b2e93379d6374549bd168\"},\"description\":\"Pon\u00fakame V\u00e1m na DLHODOB\u00dd pren\u00e1jom tento priestrann\u00fd 2i. byt S TERASOU a S BALK\u00d3NOM, ktor\u00fd sa nach\u00e1dza v Bratislave, m.\u010d. Star\u00e9 Mesto, ulica \u0160tefanovi\u010dova,\",\"breadcrumb\":{\"@id\":\"https:\/\/baportal.sk\/podnajom\/in\/66920\/#breadcrumb\"},\"inLanguage\":\"sk-SK\",\"potentialAction\":[{\"@type\":\"ReadAction\",\"target\":[\"https:\/\/baportal.sk\/podnajom\/in\/66920\/\"]}]},{\"@type\":\"ImageObject\",\"inLanguage\":\"sk-SK\",\"@id\":\"https:\/\/baportal.sk\/podnajom\/in\/66920\/#primaryimage\",\"url\":\"https:\/\/baportal.sk\/podnajom\/wp-content\/uploads\/2023\/09\/EXKLUZIVNY-BYT-S-TERASOU-a-S-BALKONOM-spolu-84m2-NADHERNY.jpeg\",\"contentUrl\":\"https:\/\/baportal.sk\/podnajom\/wp-content\/uploads\/2023\/09\/EXKLUZIVNY-BYT-S-TERASOU-a-S-BALKONOM-spolu-84m2-NADHERNY.jpeg\",\"width\":600,\"height\":315},{\"@type\":\"BreadcrumbList\",\"@id\":\"https:\/\/baportal.sk\/podnajom\/in\/66920\/#breadcrumb\",\"itemListElement\":[{\"@type\":\"ListItem\",\"position\":1,\"name\":\"Domovsk\u00e1 str\u00e1nka\",\"item\":\"https:\/\/baportal.sk\/podnajom\/\"},{\"@type\":\"ListItem\",\"position\":2,\"name\":\"EXKLUZ\u00cdVN\u00dd BYT S TERASOU a S BALK\u00d3NOM, spolu 84m2, N\u00c1DHERN\u00dd V\u00ddH\u013dAD NA HRAD a SLAV\u00cdN.\"}]},{\"@type\":\"WebSite\",\"@id\":\"https:\/\/baportal.sk\/podnajom\/#website\",\"url\":\"https:\/\/baportal.sk\/podnajom\/\",\"name\":\"Podn\u00e1jom - Baportal.sk - Bratislava\",\"description\":\"\",\"potentialAction\":[{\"@type\":\"SearchAction\",\"target\":{\"@type\":\"EntryPoint\",\"urlTemplate\":\"https:\/\/baportal.sk\/podnajom\/?s={search_term_string}\"},\"query-input\":\"required name=search_term_string\"}],\"inLanguage\":\"sk-SK\"},{\"@type\":\"Person\",\"@id\":\"https:\/\/baportal.sk\/podnajom\/#\/schema\/person\/1048c08c599b2e93379d6374549bd168\",\"name\":\"marek\",\"image\":{\"@type\":\"ImageObject\",\"inLanguage\":\"sk-SK\",\"@id\":\"https:\/\/baportal.sk\/podnajom\/#\/schema\/person\/image\/\",\"url\":\"https:\/\/secure.gravatar.com\/avatar\/cdf0fbd37411d455f1afd87f93b867f6?s=96&d=mm&r=g\",\"contentUrl\":\"https:\/\/secure.gravatar.com\/avatar\/cdf0fbd37411d455f1afd87f93b867f6?s=96&d=mm&r=g\",\"caption\":\"marek\"},\"sameAs\":[\"https:\/\/www.baportal.sk\/podnajom\"]}]}<\/script>\n<!-- \/ Yoast SEO plugin. -->","yoast_head_json":{"title":"EXKLUZ\u00cdVN\u00dd BYT S TERASOU a S BALK\u00d3NOM, spolu 84m2, N\u00c1DHERN\u00dd V\u00ddH\u013dAD NA HRAD a SLAV\u00cdN. | Podn\u00e1jom - Baportal.sk - Bratislava","description":"Pon\u00fakame V\u00e1m na DLHODOB\u00dd pren\u00e1jom tento priestrann\u00fd 2i. byt S TERASOU a S BALK\u00d3NOM, ktor\u00fd sa nach\u00e1dza v Bratislave, m.\u010d. Star\u00e9 Mesto, ulica \u0160tefanovi\u010dova,","robots":{"index":"index","follow":"follow","max-snippet":"max-snippet:-1","max-image-preview":"max-image-preview:large","max-video-preview":"max-video-preview:-1"},"canonical":"https:\/\/baportal.sk\/podnajom\/in\/66920\/","og_locale":"sk_SK","og_type":"article","og_title":"EXKLUZ\u00cdVN\u00dd BYT S TERASOU a S BALK\u00d3NOM, spolu 84m2, N\u00c1DHERN\u00dd V\u00ddH\u013dAD NA HRAD a SLAV\u00cdN. | Podn\u00e1jom - Baportal.sk - Bratislava","og_description":"Pon\u00fakame V\u00e1m na DLHODOB\u00dd pren\u00e1jom tento priestrann\u00fd 2i. byt S TERASOU a S BALK\u00d3NOM, ktor\u00fd sa nach\u00e1dza v Bratislave, m.\u010d. Star\u00e9 Mesto, ulica \u0160tefanovi\u010dova,","og_url":"https:\/\/baportal.sk\/podnajom\/in\/66920\/","og_site_name":"Podn\u00e1jom - Baportal.sk - Bratislava","article_published_time":"2022-05-05T01:01:49+00:00","author":"marek","twitter_card":"summary_large_image","twitter_misc":{"Autor":"marek","Predpokladan\u00fd \u010das \u010d\u00edtania":"1 min\u00fata"},"schema":{"@context":"https:\/\/schema.org","@graph":[{"@type":"WebPage","@id":"https:\/\/baportal.sk\/podnajom\/in\/66920\/","url":"https:\/\/baportal.sk\/podnajom\/in\/66920\/","name":"EXKLUZ\u00cdVN\u00dd BYT S TERASOU a S BALK\u00d3NOM, spolu 84m2, N\u00c1DHERN\u00dd V\u00ddH\u013dAD NA HRAD a SLAV\u00cdN. | Podn\u00e1jom - Baportal.sk - Bratislava","isPartOf":{"@id":"https:\/\/baportal.sk\/podnajom\/#website"},"primaryImageOfPage":{"@id":"https:\/\/baportal.sk\/podnajom\/in\/66920\/#primaryimage"},"image":{"@id":"https:\/\/baportal.sk\/podnajom\/in\/66920\/#primaryimage"},"thumbnailUrl":"https:\/\/baportal.sk\/podnajom\/wp-content\/uploads\/2023\/09\/EXKLUZIVNY-BYT-S-TERASOU-a-S-BALKONOM-spolu-84m2-NADHERNY.jpeg","datePublished":"2022-05-05T01:01:49+00:00","dateModified":"2022-05-05T01:01:49+00:00","author":{"@id":"https:\/\/baportal.sk\/podnajom\/#\/schema\/person\/1048c08c599b2e93379d6374549bd168"},"description":"Pon\u00fakame V\u00e1m na DLHODOB\u00dd pren\u00e1jom tento priestrann\u00fd 2i. byt S TERASOU a S BALK\u00d3NOM, ktor\u00fd sa nach\u00e1dza v Bratislave, m.\u010d. Star\u00e9 Mesto, ulica \u0160tefanovi\u010dova,","breadcrumb":{"@id":"https:\/\/baportal.sk\/podnajom\/in\/66920\/#breadcrumb"},"inLanguage":"sk-SK","potentialAction":[{"@type":"ReadAction","target":["https:\/\/baportal.sk\/podnajom\/in\/66920\/"]}]},{"@type":"ImageObject","inLanguage":"sk-SK","@id":"https:\/\/baportal.sk\/podnajom\/in\/66920\/#primaryimage","url":"https:\/\/baportal.sk\/podnajom\/wp-content\/uploads\/2023\/09\/EXKLUZIVNY-BYT-S-TERASOU-a-S-BALKONOM-spolu-84m2-NADHERNY.jpeg","contentUrl":"https:\/\/baportal.sk\/podnajom\/wp-content\/uploads\/2023\/09\/EXKLUZIVNY-BYT-S-TERASOU-a-S-BALKONOM-spolu-84m2-NADHERNY.jpeg","width":600,"height":315},{"@type":"BreadcrumbList","@id":"https:\/\/baportal.sk\/podnajom\/in\/66920\/#breadcrumb","itemListElement":[{"@type":"ListItem","position":1,"name":"Domovsk\u00e1 str\u00e1nka","item":"https:\/\/baportal.sk\/podnajom\/"},{"@type":"ListItem","position":2,"name":"EXKLUZ\u00cdVN\u00dd BYT S TERASOU a S BALK\u00d3NOM, spolu 84m2, N\u00c1DHERN\u00dd V\u00ddH\u013dAD NA HRAD a SLAV\u00cdN."}]},{"@type":"WebSite","@id":"https:\/\/baportal.sk\/podnajom\/#website","url":"https:\/\/baportal.sk\/podnajom\/","name":"Podn\u00e1jom - Baportal.sk - Bratislava","description":"","potentialAction":[{"@type":"SearchAction","target":{"@type":"EntryPoint","urlTemplate":"https:\/\/baportal.sk\/podnajom\/?s={search_term_string}"},"query-input":"required name=search_term_string"}],"inLanguage":"sk-SK"},{"@type":"Person","@id":"https:\/\/baportal.sk\/podnajom\/#\/schema\/person\/1048c08c599b2e93379d6374549bd168","name":"marek","image":{"@type":"ImageObject","inLanguage":"sk-SK","@id":"https:\/\/baportal.sk\/podnajom\/#\/schema\/person\/image\/","url":"https:\/\/secure.gravatar.com\/avatar\/cdf0fbd37411d455f1afd87f93b867f6?s=96&d=mm&r=g","contentUrl":"https:\/\/secure.gravatar.com\/avatar\/cdf0fbd37411d455f1afd87f93b867f6?s=96&d=mm&r=g","caption":"marek"},"sameAs":["https:\/\/www.baportal.sk\/podnajom"]}]}},"_links":{"self":[{"href":"https:\/\/baportal.sk\/podnajom\/wp-json\/wp\/v2\/posts\/66920"}],"collection":[{"href":"https:\/\/baportal.sk\/podnajom\/wp-json\/wp\/v2\/posts"}],"about":[{"href":"https:\/\/baportal.sk\/podnajom\/wp-json\/wp\/v2\/types\/post"}],"author":[{"embeddable":true,"href":"https:\/\/baportal.sk\/podnajom\/wp-json\/wp\/v2\/users\/1"}],"replies":[{"embeddable":true,"href":"https:\/\/baportal.sk\/podnajom\/wp-json\/wp\/v2\/comments?post=66920"}],"version-history":[{"count":0,"href":"https:\/\/baportal.sk\/podnajom\/wp-json\/wp\/v2\/posts\/66920\/revisions"}],"wp:featuredmedia":[{"embeddable":true,"href":"https:\/\/baportal.sk\/podnajom\/wp-json\/wp\/v2\/media\/66921"}],"wp:attachment":[{"href":"https:\/\/baportal.sk\/podnajom\/wp-json\/wp\/v2\/media?parent=66920"}],"wp:term":[{"taxonomy":"category","embeddable":true,"href":"https:\/\/baportal.sk\/podnajom\/wp-json\/wp\/v2\/categories?post=66920"},{"taxonomy":"post_tag","embeddable":true,"href":"https:\/\/baportal.sk\/podnajom\/wp-json\/wp\/v2\/tags?post=66920"}],"curies":[{"name":"wp","href":"https:\/\/api.w.org\/{rel}","templated":true}]}}