{"id":67041,"date":"2022-05-05T03:01:49","date_gmt":"2022-05-05T01:01:49","guid":{"rendered":"https:\/\/baportal.sk\/podnajom\/in\/67041\/"},"modified":"2022-05-05T03:01:49","modified_gmt":"2022-05-05T01:01:49","slug":"amexa-prenajom-5-izb-mezonet-242m2-80m2-terasa-palac-motesickych","status":"publish","type":"post","link":"https:\/\/baportal.sk\/podnajom\/in\/67041\/","title":{"rendered":"AMEXA \u00bb PREN\u00c1JOM 5-izb. mezonet, 242m2 + 80m2 terasa, Pal\u00e1c Mote\u0161ick\u00fdch"},"content":{"rendered":"<div class=\"text-inner\">\n                                AMEXA REAL pon\u00faka na pren\u00e1jom 5-izbov\u00fd mezonet s vlastn\u00fdm v\u00fd\u0165ahom na najlep\u0161ej adrese v centre mesta v komplketne moderne zrekon\u0161truovanom Pal\u00e1ci Mote\u0161ick\u00fdch. Vhodn\u00fd je pre najn\u00e1ro\u010dnej\u0161iu klientelu.<\/p>\n<p>\u00bb Z\u00c1KLADN\u00c9 INFORM\u00c1CIE<br \/>\n\u00bb Pal\u00e1c Mote\u0161ick\u00fdch, Gork\u00e9ho, Star\u00e9 Mesto, historick\u00e9 centrum<br \/>\n\u00bb 5-izbov\u00fd, 242 m2 + 80 m2 terasa a zimn\u00e1 z\u00e1hrada<br \/>\n\u00bb 3x sp\u00e1l\u0148a, 2x k\u00fape\u013e\u0148a, 3x wc, ob\u00fdvacia izba s kuchy\u0148ou a jed\u00e1l\u0148ou, terasa<br \/>\n\u00bb 5-7p.\/7p. s v\u00fd\u0165ahom<br \/>\n\u00bb 3 podla\u017eia s vlastn\u00fdm v\u00fd\u0165ahom vr\u00e1mci bytu<br \/>\n\u00bb Kompletne zrekon\u0161truovan\u00fd<br \/>\n\u00bb Kompletne zariaden\u00fd<br \/>\n\u00bb Klimatiz\u00e1cia<br \/>\n\u00bb V\u00edrivka<br \/>\n\u00bb Klav\u00edr<br \/>\n\u00bb Orient\u00e1cia bytu: JV, SZ<br \/>\n\u00bb Vybavenie kuchyne: r\u00fara, mikrovlnka, induk\u010dn\u00e1 varn\u00e1 doska, um\u00fdva\u010dka riadu<\/p>\n<p>\n\u00bb BENEFITY<br \/>\n\u00bb Recepcia 24\/7<br \/>\n\u00bb N\u00e1dvorie s kr\u00e1snou z\u00e1hradou<br \/>\n\u00bb Moderne zrekon\u0161truovan\u00e1 budova pre najn\u00e1ro\u010dnej\u0161iu klientelu<br \/>\n\u00bb Terasa a zimn\u00e1 z\u00e1hrada<br \/>\n\u00bb Kr\u00e1sny v\u00fdh\u013ead na historick\u00e9 centrum Bratislavy<br \/>\n\u00bb Kompletn\u00e1 ob\u010dianska vybavenos\u0165 v pe\u0161ej dostupnosti<br \/>\n\u00bb Historick\u00e9 centrum<br \/>\n\u00bb Eurovea, Nivy v pe\u0161ej vzdialenosti<br \/>\n\u00bb Dostupnos\u0165 MHD<br \/>\n\u00bb V\u00fdborn\u00e1 dostupnos\u0165 autom<\/p>\n<p>\n\u00bb POPIS NEHNUTE\u013dNOSTI<br \/>\nVstup do pal\u00e1ca vedie z Gork\u00e9ho, alebo Laurinskej ulice cez recepciu a n\u00e1dhern\u00fa z\u00e1hradu. Na prvom podla\u017e\u00ed mezonetu sa nach\u00e1dza vstupn\u00e1 hala so \u0161atn\u00edkovou skr\u0148ou, 2 sp\u00e1lne so skri\u0148ami a pracovn\u00fdmi stolmi, ku ktor\u00fdm prisl\u00facha k\u00fape\u013e\u0148a so sprchov\u00fdm k\u00fatom a toaletou. V zadnej \u010dasti sa nach\u00e1dadza hlavn\u00e1 sp\u00e1l\u0148a s va\u0148ou, sprchov\u00fdm k\u00fatom, um\u00fdvadlom a samostatnou toaletou. Na druhom podla\u017e\u00ed sa nach\u00e1dza luxusne ve\u013ek\u00e1 ob\u00fdvacia miestnos\u0165 s klav\u00edrom a franc\u00fazskymi balk\u00f3nmi, jed\u00e1le\u0148, kompletne vybaven\u00e1 kuchy\u0148a a toaleta. Na najvy\u0161\u0161om podla\u017e\u00ed je zimn\u00e1 z\u00e1hrada s priestrannou terasou s v\u00edrivkou a n\u00e1dhern\u00fdm v\u00fdh\u013eadom na centrum Bratislavy.  Jednotliv\u00e9 poschodia s\u00fa prepojen\u00e9 okrem schodiska aj so s\u00fakromn\u00fdm v\u00fd\u0165ahom. <\/p>\n<p>\n\u00bb LOKALITA A OB\u010cIANSKA VYBAVENOS\u0164<br \/>\nHistorick\u00e9 centrum - srdce Bratislavy. Nespo\u010detn\u00e9 mno\u017estvo kaviarn\u00ed, \u010di kvalitn\u00fdch re\u0161taur\u00e1ci\u00ed. Obchody a slu\u017eby v pe\u0161ej dostupnosti. Ne\u010falek\u00e9 n\u00e1kupn\u00e9 centrum EUROVEA poskytuje kompletn\u00fa \u0161k\u00e1lu obchodov a slu\u017eieb. <\/p>\n<p>\u00bb DOSTUPNOS\u0164 A MHD<br \/>\nMHD \u00bb 1, 4, 29, 50, 70<br \/>\nAUTO \u00bb EUROVEA (5 min), Autobusov\u00e1 stanica a OC NIVY (5 min), Hlavn\u00e1 stanica (6 min), Letisko (15 min), \u010eia\u013eni\u010dn\u00fd obchvat (5 min)<\/p>\n<p>\u00bb PARKOVANIE<br \/>\nK bytu je mo\u017en\u00e9 prenaja\u0165 si vn\u00fatorn\u00e9 parkovacie miesto v cene 200 \u20ac \/ mes. <\/p>\n<p>\u00bb DOPL\u0147UJ\u00daCE INFORM\u00c1CIE<br \/>\n\u00bb Byt je vo\u013en\u00fd ihne\u010f<br \/>\n\u00bb Dovybavenie bytu pod\u013ea dohody<\/p>\n<p>\u00bb CENA a N\u00c1KLADY<br \/>\n3.800 \u20ac mesa\u010dn\u00e9 n\u00e1jomn\u00e9<br \/>\n600 \u20ac mesa\u010dn\u00e9 n\u00e1klady + energie (1 os.)<br \/>\n4.200 \u20ac kaucia<br \/>\n200 \u20ac vn\u00fatorn\u00fd parking (nie je povinn\u00e9)<\/p>\n<p>\nV pr\u00edpade z\u00e1ujmu, \u010di ak\u00fdchko\u013evek ot\u00e1zok ma pros\u00edm nev\u00e1hajte kontaktova\u0165.<\/p>\n<p>NEDOVOLALI STE SA ? Po\u0161lite SMS s ozna\u010den\u00edm bytu, o ktor\u00fd m\u00e1te z\u00e1ujem - ozvem sa V\u00e1m nasp\u00e4\u0165.<br \/>\nBudem sa na V\u00e1s te\u0161i\u0165 na obhliadke.<\/p>\n<p>Ing. Michal Kulla RSc.<br \/>\n+421 903 369 199<br \/>\nkulla@amexa.sk<\/p>\n<p>\n\u00bb Prenaj\u00edmate\u013e si vyhradzuje pr\u00e1vo prija\u0165 \u013eubovo\u013en\u00fa ponuku, alebo ponuku odmietnu\u0165 bez udania d\u00f4vodu.<br \/>\n\u00bb Prenaj\u00edmate\u013e si vyhradzuje pr\u00e1vo vy\u017eiada\u0165 si ponuky na cenu v pr\u00edpade viacer\u00fdch z\u00e1ujemcov<br \/>\n\u00bb Pri podpise zmluvy sa hrad\u00ed: 1x n\u00e1jomn\u00e9 za mesiac vopred, 1x kaucia, 1x prov\u00edzia realitnej kancel\u00e1rii. V\u0161etky platby zah\u0155\u0148aj\u00fa kopmletn\u00e9 n\u00e1jomn\u00e9 aj s energiami.<br \/>\n\u00bb Na nehnute\u013enosti bola pou\u017eit\u00e1 slu\u017eba HOMESTAGING, PROFESION\u00c1LNE NAFOTENIE, 3D SCAN<br \/>\n\u00bb Obsah inzer\u00e1tu, fotografie a texty s\u00fa autorsk\u00fdm dielom a majetkom spolo\u010dnosti AMEXA REAL\u00a9 s.r.o.                            <\/div>\n","protected":false},"excerpt":{"rendered":"<p>AMEXA REAL pon\u00faka na pren\u00e1jom 5-izbov\u00fd mezonet s vlastn\u00fdm v\u00fd\u0165ahom na najlep\u0161ej adrese v centre mesta v komplketne moderne zrekon\u0161truovanom Pal\u00e1ci Mote\u0161ick\u00fdch. Vhodn\u00fd je pre najn\u00e1ro\u010dnej\u0161iu klientelu. \u00bb Z\u00c1KLADN\u00c9 INFORM\u00c1CIE \u00bb Pal\u00e1c Mote\u0161ick\u00fdch, Gork\u00e9ho, Star\u00e9 Mesto, historick\u00e9 centrum \u00bb 5-izbov\u00fd, 242 m2 + 80 m2 terasa a zimn\u00e1 z\u00e1hrada \u00bb 3x sp\u00e1l\u0148a, 2x k\u00fape\u013e\u0148a, 3x [&hellip;]<\/p>\n","protected":false},"author":1,"featured_media":67042,"comment_status":"open","ping_status":"open","sticky":false,"template":"","format":"standard","meta":{"footnotes":""},"categories":[4],"tags":[],"class_list":["post-67041","post","type-post","status-publish","format-standard","has-post-thumbnail","hentry","category-prenajom-bytu"],"yoast_head":"<!-- This site is optimized with the Yoast SEO plugin v23.1 - https:\/\/yoast.com\/wordpress\/plugins\/seo\/ -->\n<title>AMEXA \u00bb PREN\u00c1JOM 5-izb. mezonet, 242m2 + 80m2 terasa, Pal\u00e1c Mote\u0161ick\u00fdch | Podn\u00e1jom - Baportal.sk - Bratislava<\/title>\n<meta name=\"description\" content=\"AMEXA REAL pon\u00faka na pren\u00e1jom 5-izbov\u00fd mezonet s vlastn\u00fdm v\u00fd\u0165ahom na najlep\u0161ej adrese v centre mesta v komplketne moderne zrekon\u0161truovanom Pal\u00e1ci\" \/>\n<meta name=\"robots\" content=\"index, follow, max-snippet:-1, max-image-preview:large, max-video-preview:-1\" \/>\n<link rel=\"canonical\" href=\"https:\/\/baportal.sk\/podnajom\/in\/67041\/\" \/>\n<meta property=\"og:locale\" content=\"sk_SK\" \/>\n<meta property=\"og:type\" content=\"article\" \/>\n<meta property=\"og:title\" content=\"AMEXA \u00bb PREN\u00c1JOM 5-izb. mezonet, 242m2 + 80m2 terasa, Pal\u00e1c Mote\u0161ick\u00fdch | Podn\u00e1jom - Baportal.sk - Bratislava\" \/>\n<meta property=\"og:description\" content=\"AMEXA REAL pon\u00faka na pren\u00e1jom 5-izbov\u00fd mezonet s vlastn\u00fdm v\u00fd\u0165ahom na najlep\u0161ej adrese v centre mesta v komplketne moderne zrekon\u0161truovanom Pal\u00e1ci\" \/>\n<meta property=\"og:url\" content=\"https:\/\/baportal.sk\/podnajom\/in\/67041\/\" \/>\n<meta property=\"og:site_name\" content=\"Podn\u00e1jom - Baportal.sk - Bratislava\" \/>\n<meta property=\"article:published_time\" content=\"2022-05-05T01:01:49+00:00\" \/>\n<meta name=\"author\" content=\"marek\" \/>\n<meta name=\"twitter:card\" content=\"summary_large_image\" \/>\n<meta name=\"twitter:label1\" content=\"Autor\" \/>\n\t<meta name=\"twitter:data1\" content=\"marek\" \/>\n\t<meta name=\"twitter:label2\" content=\"Predpokladan\u00fd \u010das \u010d\u00edtania\" \/>\n\t<meta name=\"twitter:data2\" content=\"3 min\u00faty\" \/>\n<script type=\"application\/ld+json\" class=\"yoast-schema-graph\">{\"@context\":\"https:\/\/schema.org\",\"@graph\":[{\"@type\":\"WebPage\",\"@id\":\"https:\/\/baportal.sk\/podnajom\/in\/67041\/\",\"url\":\"https:\/\/baportal.sk\/podnajom\/in\/67041\/\",\"name\":\"AMEXA \u00bb PREN\u00c1JOM 5-izb. mezonet, 242m2 + 80m2 terasa, Pal\u00e1c Mote\u0161ick\u00fdch | Podn\u00e1jom - Baportal.sk - Bratislava\",\"isPartOf\":{\"@id\":\"https:\/\/baportal.sk\/podnajom\/#website\"},\"primaryImageOfPage\":{\"@id\":\"https:\/\/baportal.sk\/podnajom\/in\/67041\/#primaryimage\"},\"image\":{\"@id\":\"https:\/\/baportal.sk\/podnajom\/in\/67041\/#primaryimage\"},\"thumbnailUrl\":\"https:\/\/baportal.sk\/podnajom\/wp-content\/uploads\/2023\/09\/AMEXA-PRENAJOM-5-izb-mezonet-242m2-80m2-terasa-Palac.jpeg\",\"datePublished\":\"2022-05-05T01:01:49+00:00\",\"dateModified\":\"2022-05-05T01:01:49+00:00\",\"author\":{\"@id\":\"https:\/\/baportal.sk\/podnajom\/#\/schema\/person\/1048c08c599b2e93379d6374549bd168\"},\"description\":\"AMEXA REAL pon\u00faka na pren\u00e1jom 5-izbov\u00fd mezonet s vlastn\u00fdm v\u00fd\u0165ahom na najlep\u0161ej adrese v centre mesta v komplketne moderne zrekon\u0161truovanom Pal\u00e1ci\",\"breadcrumb\":{\"@id\":\"https:\/\/baportal.sk\/podnajom\/in\/67041\/#breadcrumb\"},\"inLanguage\":\"sk-SK\",\"potentialAction\":[{\"@type\":\"ReadAction\",\"target\":[\"https:\/\/baportal.sk\/podnajom\/in\/67041\/\"]}]},{\"@type\":\"ImageObject\",\"inLanguage\":\"sk-SK\",\"@id\":\"https:\/\/baportal.sk\/podnajom\/in\/67041\/#primaryimage\",\"url\":\"https:\/\/baportal.sk\/podnajom\/wp-content\/uploads\/2023\/09\/AMEXA-PRENAJOM-5-izb-mezonet-242m2-80m2-terasa-Palac.jpeg\",\"contentUrl\":\"https:\/\/baportal.sk\/podnajom\/wp-content\/uploads\/2023\/09\/AMEXA-PRENAJOM-5-izb-mezonet-242m2-80m2-terasa-Palac.jpeg\",\"width\":600,\"height\":315},{\"@type\":\"BreadcrumbList\",\"@id\":\"https:\/\/baportal.sk\/podnajom\/in\/67041\/#breadcrumb\",\"itemListElement\":[{\"@type\":\"ListItem\",\"position\":1,\"name\":\"Domovsk\u00e1 str\u00e1nka\",\"item\":\"https:\/\/baportal.sk\/podnajom\/\"},{\"@type\":\"ListItem\",\"position\":2,\"name\":\"AMEXA \u00bb PREN\u00c1JOM 5-izb. mezonet, 242m2 + 80m2 terasa, Pal\u00e1c Mote\u0161ick\u00fdch\"}]},{\"@type\":\"WebSite\",\"@id\":\"https:\/\/baportal.sk\/podnajom\/#website\",\"url\":\"https:\/\/baportal.sk\/podnajom\/\",\"name\":\"Podn\u00e1jom - Baportal.sk - Bratislava\",\"description\":\"\",\"potentialAction\":[{\"@type\":\"SearchAction\",\"target\":{\"@type\":\"EntryPoint\",\"urlTemplate\":\"https:\/\/baportal.sk\/podnajom\/?s={search_term_string}\"},\"query-input\":\"required name=search_term_string\"}],\"inLanguage\":\"sk-SK\"},{\"@type\":\"Person\",\"@id\":\"https:\/\/baportal.sk\/podnajom\/#\/schema\/person\/1048c08c599b2e93379d6374549bd168\",\"name\":\"marek\",\"image\":{\"@type\":\"ImageObject\",\"inLanguage\":\"sk-SK\",\"@id\":\"https:\/\/baportal.sk\/podnajom\/#\/schema\/person\/image\/\",\"url\":\"https:\/\/secure.gravatar.com\/avatar\/cdf0fbd37411d455f1afd87f93b867f6?s=96&d=mm&r=g\",\"contentUrl\":\"https:\/\/secure.gravatar.com\/avatar\/cdf0fbd37411d455f1afd87f93b867f6?s=96&d=mm&r=g\",\"caption\":\"marek\"},\"sameAs\":[\"https:\/\/www.baportal.sk\/podnajom\"]}]}<\/script>\n<!-- \/ Yoast SEO plugin. -->","yoast_head_json":{"title":"AMEXA \u00bb PREN\u00c1JOM 5-izb. mezonet, 242m2 + 80m2 terasa, Pal\u00e1c Mote\u0161ick\u00fdch | Podn\u00e1jom - Baportal.sk - Bratislava","description":"AMEXA REAL pon\u00faka na pren\u00e1jom 5-izbov\u00fd mezonet s vlastn\u00fdm v\u00fd\u0165ahom na najlep\u0161ej adrese v centre mesta v komplketne moderne zrekon\u0161truovanom Pal\u00e1ci","robots":{"index":"index","follow":"follow","max-snippet":"max-snippet:-1","max-image-preview":"max-image-preview:large","max-video-preview":"max-video-preview:-1"},"canonical":"https:\/\/baportal.sk\/podnajom\/in\/67041\/","og_locale":"sk_SK","og_type":"article","og_title":"AMEXA \u00bb PREN\u00c1JOM 5-izb. mezonet, 242m2 + 80m2 terasa, Pal\u00e1c Mote\u0161ick\u00fdch | Podn\u00e1jom - Baportal.sk - Bratislava","og_description":"AMEXA REAL pon\u00faka na pren\u00e1jom 5-izbov\u00fd mezonet s vlastn\u00fdm v\u00fd\u0165ahom na najlep\u0161ej adrese v centre mesta v komplketne moderne zrekon\u0161truovanom Pal\u00e1ci","og_url":"https:\/\/baportal.sk\/podnajom\/in\/67041\/","og_site_name":"Podn\u00e1jom - Baportal.sk - Bratislava","article_published_time":"2022-05-05T01:01:49+00:00","author":"marek","twitter_card":"summary_large_image","twitter_misc":{"Autor":"marek","Predpokladan\u00fd \u010das \u010d\u00edtania":"3 min\u00faty"},"schema":{"@context":"https:\/\/schema.org","@graph":[{"@type":"WebPage","@id":"https:\/\/baportal.sk\/podnajom\/in\/67041\/","url":"https:\/\/baportal.sk\/podnajom\/in\/67041\/","name":"AMEXA \u00bb PREN\u00c1JOM 5-izb. mezonet, 242m2 + 80m2 terasa, Pal\u00e1c Mote\u0161ick\u00fdch | Podn\u00e1jom - Baportal.sk - Bratislava","isPartOf":{"@id":"https:\/\/baportal.sk\/podnajom\/#website"},"primaryImageOfPage":{"@id":"https:\/\/baportal.sk\/podnajom\/in\/67041\/#primaryimage"},"image":{"@id":"https:\/\/baportal.sk\/podnajom\/in\/67041\/#primaryimage"},"thumbnailUrl":"https:\/\/baportal.sk\/podnajom\/wp-content\/uploads\/2023\/09\/AMEXA-PRENAJOM-5-izb-mezonet-242m2-80m2-terasa-Palac.jpeg","datePublished":"2022-05-05T01:01:49+00:00","dateModified":"2022-05-05T01:01:49+00:00","author":{"@id":"https:\/\/baportal.sk\/podnajom\/#\/schema\/person\/1048c08c599b2e93379d6374549bd168"},"description":"AMEXA REAL pon\u00faka na pren\u00e1jom 5-izbov\u00fd mezonet s vlastn\u00fdm v\u00fd\u0165ahom na najlep\u0161ej adrese v centre mesta v komplketne moderne zrekon\u0161truovanom Pal\u00e1ci","breadcrumb":{"@id":"https:\/\/baportal.sk\/podnajom\/in\/67041\/#breadcrumb"},"inLanguage":"sk-SK","potentialAction":[{"@type":"ReadAction","target":["https:\/\/baportal.sk\/podnajom\/in\/67041\/"]}]},{"@type":"ImageObject","inLanguage":"sk-SK","@id":"https:\/\/baportal.sk\/podnajom\/in\/67041\/#primaryimage","url":"https:\/\/baportal.sk\/podnajom\/wp-content\/uploads\/2023\/09\/AMEXA-PRENAJOM-5-izb-mezonet-242m2-80m2-terasa-Palac.jpeg","contentUrl":"https:\/\/baportal.sk\/podnajom\/wp-content\/uploads\/2023\/09\/AMEXA-PRENAJOM-5-izb-mezonet-242m2-80m2-terasa-Palac.jpeg","width":600,"height":315},{"@type":"BreadcrumbList","@id":"https:\/\/baportal.sk\/podnajom\/in\/67041\/#breadcrumb","itemListElement":[{"@type":"ListItem","position":1,"name":"Domovsk\u00e1 str\u00e1nka","item":"https:\/\/baportal.sk\/podnajom\/"},{"@type":"ListItem","position":2,"name":"AMEXA \u00bb PREN\u00c1JOM 5-izb. mezonet, 242m2 + 80m2 terasa, Pal\u00e1c Mote\u0161ick\u00fdch"}]},{"@type":"WebSite","@id":"https:\/\/baportal.sk\/podnajom\/#website","url":"https:\/\/baportal.sk\/podnajom\/","name":"Podn\u00e1jom - Baportal.sk - Bratislava","description":"","potentialAction":[{"@type":"SearchAction","target":{"@type":"EntryPoint","urlTemplate":"https:\/\/baportal.sk\/podnajom\/?s={search_term_string}"},"query-input":"required name=search_term_string"}],"inLanguage":"sk-SK"},{"@type":"Person","@id":"https:\/\/baportal.sk\/podnajom\/#\/schema\/person\/1048c08c599b2e93379d6374549bd168","name":"marek","image":{"@type":"ImageObject","inLanguage":"sk-SK","@id":"https:\/\/baportal.sk\/podnajom\/#\/schema\/person\/image\/","url":"https:\/\/secure.gravatar.com\/avatar\/cdf0fbd37411d455f1afd87f93b867f6?s=96&d=mm&r=g","contentUrl":"https:\/\/secure.gravatar.com\/avatar\/cdf0fbd37411d455f1afd87f93b867f6?s=96&d=mm&r=g","caption":"marek"},"sameAs":["https:\/\/www.baportal.sk\/podnajom"]}]}},"_links":{"self":[{"href":"https:\/\/baportal.sk\/podnajom\/wp-json\/wp\/v2\/posts\/67041"}],"collection":[{"href":"https:\/\/baportal.sk\/podnajom\/wp-json\/wp\/v2\/posts"}],"about":[{"href":"https:\/\/baportal.sk\/podnajom\/wp-json\/wp\/v2\/types\/post"}],"author":[{"embeddable":true,"href":"https:\/\/baportal.sk\/podnajom\/wp-json\/wp\/v2\/users\/1"}],"replies":[{"embeddable":true,"href":"https:\/\/baportal.sk\/podnajom\/wp-json\/wp\/v2\/comments?post=67041"}],"version-history":[{"count":0,"href":"https:\/\/baportal.sk\/podnajom\/wp-json\/wp\/v2\/posts\/67041\/revisions"}],"wp:featuredmedia":[{"embeddable":true,"href":"https:\/\/baportal.sk\/podnajom\/wp-json\/wp\/v2\/media\/67042"}],"wp:attachment":[{"href":"https:\/\/baportal.sk\/podnajom\/wp-json\/wp\/v2\/media?parent=67041"}],"wp:term":[{"taxonomy":"category","embeddable":true,"href":"https:\/\/baportal.sk\/podnajom\/wp-json\/wp\/v2\/categories?post=67041"},{"taxonomy":"post_tag","embeddable":true,"href":"https:\/\/baportal.sk\/podnajom\/wp-json\/wp\/v2\/tags?post=67041"}],"curies":[{"name":"wp","href":"https:\/\/api.w.org\/{rel}","templated":true}]}}