{"id":67297,"date":"2022-05-05T03:01:49","date_gmt":"2022-05-05T01:01:49","guid":{"rendered":"https:\/\/baportal.sk\/podnajom\/in\/67297\/"},"modified":"2022-05-05T03:01:49","modified_gmt":"2022-05-05T01:01:49","slug":"slnecny-klimatizovany-3-izb-byt-s-krasnym-vyhladom-saunou-a-garazou-karlova-ves-dlhe-diely-hl","status":"publish","type":"post","link":"https:\/\/baportal.sk\/podnajom\/in\/67297\/","title":{"rendered":"SLNE\u010cN\u00dd KLIMATIZOVAN\u00dd 3-IZB. BYT S KR\u00c1SNYM V\u00ddH\u013dADOM, SAUNOU A GAR\u00c1\u017dOU - KARLOVA VES, DLH\u00c9 DIELY - HL"},"content":{"rendered":"<div class=\"text-inner\">\n                                Pon\u00fakame V\u00e1m na dlhodob\u00fd pren\u00e1jom plne zariaden\u00fd, klimatizovan\u00fd a \u010diasto\u010dne zrekon\u0161truovan\u00fd 3 izbov\u00fd byt v ob\u013e\u00fabenej lokalite Karlovej Vsi, \u010das\u0165 Dlh\u00e9 Diely na Hlav\u00e1\u010dikovej ulici. Plne zariaden\u00fd byt sa prenaj\u00edma spolo\u010dne s pivnicou a gar\u00e1\u017eov\u00fdm parkovac\u00edm miestom, ktor\u00e9 sa nach\u00e1dza iba 100 metrov od vchodu. Pre lep\u0161\u00ed komfort b\u00fdvania bola v byte umiestnen\u00e1 a zapojen\u00e1 infra sauna. Neplat\u00ed sa vysok\u00e1 prov\u00edzia! Byt je k dispoz\u00edci\u00ed od 1.8.2023<\/p>\n<p>Z\u00c1KLADN\u00c9 INFORM\u00c1CIE: <br \/>\n* v\u00fdmera bytu: 77,24 m2 + pivni\u010dn\u00e1 kobka 1,5 m2 + zasklen\u00e1 loggia 3,5 m2<br \/>\n* poschodie: 5\/6 s v\u00fd\u0165ahom<br \/>\n* orient\u00e1cia: JV\/Z<br \/>\n* kompletne zariaden\u00fd<br \/>\n* verejn\u00e9 parkovanie + vlastn\u00e9 gar\u00e1\u017eov\u00e9 st\u00e1tie (nie je podmienkou n\u00e1jmu)<\/p>\n<p>LOKALITA A OKOLIE:<br \/>\n* Bratislava, Karlova Ves - Hlav\u00e1\u010dikova ulica<br \/>\n* lokalita poskytuje v\u00fdborn\u00fa ob\u010diansku vybavenos\u0165 <br \/>\n* v bl\u00edzkosti sa nach\u00e1dza n\u00e1dhern\u00e1 pr\u00edroda prepojen\u00e1 s lesom <\/p>\n<p>CENA N\u00c1JMU: 680\u20ac\/mesiac + energie 220\u20ac\/mesiac + gar\u00e1\u017eov\u00e9 parkovacie miesto 100\u20ac\/mesiac<br \/>\nV cene je zahrnut\u00e9 vypracovanie n\u00e1jomn\u00fdch zml\u00fav a preberac\u00edch protokolov.<br \/>\nPri podpise n\u00e1jomnej zmluvy sa plat\u00ed jedno mesa\u010dn\u00e9 n\u00e1jomn\u00e9, vratn\u00e1 kaucia vo v\u00fd\u0161ke 1 mesa\u010dn\u00e9ho n\u00e1jmu a prov\u00edzia pre RK vo v\u00fd\u0161ke 1\/2 mesa\u010dn\u00e9ho n\u00e1jmu bytu bez energi\u00ed<br \/>\nID: 81806<br \/>\n\u00a9 Text a fotografie s\u00fa autorsk\u00fdm dielom a majetkom 1.BCR REALITY                            <\/div>\n","protected":false},"excerpt":{"rendered":"<p>Pon\u00fakame V\u00e1m na dlhodob\u00fd pren\u00e1jom plne zariaden\u00fd, klimatizovan\u00fd a \u010diasto\u010dne zrekon\u0161truovan\u00fd 3 izbov\u00fd byt v ob\u013e\u00fabenej lokalite Karlovej Vsi, \u010das\u0165 Dlh\u00e9 Diely na Hlav\u00e1\u010dikovej ulici. Plne zariaden\u00fd byt sa prenaj\u00edma spolo\u010dne s pivnicou a gar\u00e1\u017eov\u00fdm parkovac\u00edm miestom, ktor\u00e9 sa nach\u00e1dza iba 100 metrov od vchodu. Pre lep\u0161\u00ed komfort b\u00fdvania bola v byte umiestnen\u00e1 a zapojen\u00e1 [&hellip;]<\/p>\n","protected":false},"author":1,"featured_media":67298,"comment_status":"open","ping_status":"open","sticky":false,"template":"","format":"standard","meta":{"footnotes":""},"categories":[4],"tags":[],"class_list":["post-67297","post","type-post","status-publish","format-standard","has-post-thumbnail","hentry","category-prenajom-bytu"],"yoast_head":"<!-- This site is optimized with the Yoast SEO plugin v23.1 - https:\/\/yoast.com\/wordpress\/plugins\/seo\/ -->\n<title>SLNE\u010cN\u00dd KLIMATIZOVAN\u00dd 3-IZB. BYT S KR\u00c1SNYM V\u00ddH\u013dADOM, SAUNOU A GAR\u00c1\u017dOU - KARLOVA VES, DLH\u00c9 DIELY - HL | Podn\u00e1jom - Baportal.sk - Bratislava<\/title>\n<meta name=\"description\" content=\"Pon\u00fakame V\u00e1m na dlhodob\u00fd pren\u00e1jom plne zariaden\u00fd, klimatizovan\u00fd a \u010diasto\u010dne zrekon\u0161truovan\u00fd 3 izbov\u00fd byt v ob\u013e\u00fabenej lokalite Karlovej Vsi, \u010das\u0165 Dlh\u00e9\" \/>\n<meta name=\"robots\" content=\"index, follow, max-snippet:-1, max-image-preview:large, max-video-preview:-1\" \/>\n<link rel=\"canonical\" href=\"https:\/\/baportal.sk\/podnajom\/in\/67297\/\" \/>\n<meta property=\"og:locale\" content=\"sk_SK\" \/>\n<meta property=\"og:type\" content=\"article\" \/>\n<meta property=\"og:title\" content=\"SLNE\u010cN\u00dd KLIMATIZOVAN\u00dd 3-IZB. BYT S KR\u00c1SNYM V\u00ddH\u013dADOM, SAUNOU A GAR\u00c1\u017dOU - KARLOVA VES, DLH\u00c9 DIELY - HL | Podn\u00e1jom - Baportal.sk - Bratislava\" \/>\n<meta property=\"og:description\" content=\"Pon\u00fakame V\u00e1m na dlhodob\u00fd pren\u00e1jom plne zariaden\u00fd, klimatizovan\u00fd a \u010diasto\u010dne zrekon\u0161truovan\u00fd 3 izbov\u00fd byt v ob\u013e\u00fabenej lokalite Karlovej Vsi, \u010das\u0165 Dlh\u00e9\" \/>\n<meta property=\"og:url\" content=\"https:\/\/baportal.sk\/podnajom\/in\/67297\/\" \/>\n<meta property=\"og:site_name\" content=\"Podn\u00e1jom - Baportal.sk - Bratislava\" \/>\n<meta property=\"article:published_time\" content=\"2022-05-05T01:01:49+00:00\" \/>\n<meta name=\"author\" content=\"marek\" \/>\n<meta name=\"twitter:card\" content=\"summary_large_image\" \/>\n<meta name=\"twitter:label1\" content=\"Autor\" \/>\n\t<meta name=\"twitter:data1\" content=\"marek\" \/>\n\t<meta name=\"twitter:label2\" content=\"Predpokladan\u00fd \u010das \u010d\u00edtania\" \/>\n\t<meta name=\"twitter:data2\" content=\"1 min\u00fata\" \/>\n<script type=\"application\/ld+json\" class=\"yoast-schema-graph\">{\"@context\":\"https:\/\/schema.org\",\"@graph\":[{\"@type\":\"WebPage\",\"@id\":\"https:\/\/baportal.sk\/podnajom\/in\/67297\/\",\"url\":\"https:\/\/baportal.sk\/podnajom\/in\/67297\/\",\"name\":\"SLNE\u010cN\u00dd KLIMATIZOVAN\u00dd 3-IZB. BYT S KR\u00c1SNYM V\u00ddH\u013dADOM, SAUNOU A GAR\u00c1\u017dOU - KARLOVA VES, DLH\u00c9 DIELY - HL | Podn\u00e1jom - Baportal.sk - Bratislava\",\"isPartOf\":{\"@id\":\"https:\/\/baportal.sk\/podnajom\/#website\"},\"primaryImageOfPage\":{\"@id\":\"https:\/\/baportal.sk\/podnajom\/in\/67297\/#primaryimage\"},\"image\":{\"@id\":\"https:\/\/baportal.sk\/podnajom\/in\/67297\/#primaryimage\"},\"thumbnailUrl\":\"https:\/\/baportal.sk\/podnajom\/wp-content\/uploads\/2023\/09\/SLNECNY-KLIMATIZOVANY-3-IZB-BYT-S-KRASNYM-VYHLADOM-SAUNOU-A-GARAZOU.jpeg\",\"datePublished\":\"2022-05-05T01:01:49+00:00\",\"dateModified\":\"2022-05-05T01:01:49+00:00\",\"author\":{\"@id\":\"https:\/\/baportal.sk\/podnajom\/#\/schema\/person\/1048c08c599b2e93379d6374549bd168\"},\"description\":\"Pon\u00fakame V\u00e1m na dlhodob\u00fd pren\u00e1jom plne zariaden\u00fd, klimatizovan\u00fd a \u010diasto\u010dne zrekon\u0161truovan\u00fd 3 izbov\u00fd byt v ob\u013e\u00fabenej lokalite Karlovej Vsi, \u010das\u0165 Dlh\u00e9\",\"breadcrumb\":{\"@id\":\"https:\/\/baportal.sk\/podnajom\/in\/67297\/#breadcrumb\"},\"inLanguage\":\"sk-SK\",\"potentialAction\":[{\"@type\":\"ReadAction\",\"target\":[\"https:\/\/baportal.sk\/podnajom\/in\/67297\/\"]}]},{\"@type\":\"ImageObject\",\"inLanguage\":\"sk-SK\",\"@id\":\"https:\/\/baportal.sk\/podnajom\/in\/67297\/#primaryimage\",\"url\":\"https:\/\/baportal.sk\/podnajom\/wp-content\/uploads\/2023\/09\/SLNECNY-KLIMATIZOVANY-3-IZB-BYT-S-KRASNYM-VYHLADOM-SAUNOU-A-GARAZOU.jpeg\",\"contentUrl\":\"https:\/\/baportal.sk\/podnajom\/wp-content\/uploads\/2023\/09\/SLNECNY-KLIMATIZOVANY-3-IZB-BYT-S-KRASNYM-VYHLADOM-SAUNOU-A-GARAZOU.jpeg\",\"width\":600,\"height\":315},{\"@type\":\"BreadcrumbList\",\"@id\":\"https:\/\/baportal.sk\/podnajom\/in\/67297\/#breadcrumb\",\"itemListElement\":[{\"@type\":\"ListItem\",\"position\":1,\"name\":\"Domovsk\u00e1 str\u00e1nka\",\"item\":\"https:\/\/baportal.sk\/podnajom\/\"},{\"@type\":\"ListItem\",\"position\":2,\"name\":\"SLNE\u010cN\u00dd KLIMATIZOVAN\u00dd 3-IZB. BYT S KR\u00c1SNYM V\u00ddH\u013dADOM, SAUNOU A GAR\u00c1\u017dOU - KARLOVA VES, DLH\u00c9 DIELY - HL\"}]},{\"@type\":\"WebSite\",\"@id\":\"https:\/\/baportal.sk\/podnajom\/#website\",\"url\":\"https:\/\/baportal.sk\/podnajom\/\",\"name\":\"Podn\u00e1jom - Baportal.sk - Bratislava\",\"description\":\"\",\"potentialAction\":[{\"@type\":\"SearchAction\",\"target\":{\"@type\":\"EntryPoint\",\"urlTemplate\":\"https:\/\/baportal.sk\/podnajom\/?s={search_term_string}\"},\"query-input\":\"required name=search_term_string\"}],\"inLanguage\":\"sk-SK\"},{\"@type\":\"Person\",\"@id\":\"https:\/\/baportal.sk\/podnajom\/#\/schema\/person\/1048c08c599b2e93379d6374549bd168\",\"name\":\"marek\",\"image\":{\"@type\":\"ImageObject\",\"inLanguage\":\"sk-SK\",\"@id\":\"https:\/\/baportal.sk\/podnajom\/#\/schema\/person\/image\/\",\"url\":\"https:\/\/secure.gravatar.com\/avatar\/cdf0fbd37411d455f1afd87f93b867f6?s=96&d=mm&r=g\",\"contentUrl\":\"https:\/\/secure.gravatar.com\/avatar\/cdf0fbd37411d455f1afd87f93b867f6?s=96&d=mm&r=g\",\"caption\":\"marek\"},\"sameAs\":[\"https:\/\/www.baportal.sk\/podnajom\"]}]}<\/script>\n<!-- \/ Yoast SEO plugin. -->","yoast_head_json":{"title":"SLNE\u010cN\u00dd KLIMATIZOVAN\u00dd 3-IZB. BYT S KR\u00c1SNYM V\u00ddH\u013dADOM, SAUNOU A GAR\u00c1\u017dOU - KARLOVA VES, DLH\u00c9 DIELY - HL | Podn\u00e1jom - Baportal.sk - Bratislava","description":"Pon\u00fakame V\u00e1m na dlhodob\u00fd pren\u00e1jom plne zariaden\u00fd, klimatizovan\u00fd a \u010diasto\u010dne zrekon\u0161truovan\u00fd 3 izbov\u00fd byt v ob\u013e\u00fabenej lokalite Karlovej Vsi, \u010das\u0165 Dlh\u00e9","robots":{"index":"index","follow":"follow","max-snippet":"max-snippet:-1","max-image-preview":"max-image-preview:large","max-video-preview":"max-video-preview:-1"},"canonical":"https:\/\/baportal.sk\/podnajom\/in\/67297\/","og_locale":"sk_SK","og_type":"article","og_title":"SLNE\u010cN\u00dd KLIMATIZOVAN\u00dd 3-IZB. BYT S KR\u00c1SNYM V\u00ddH\u013dADOM, SAUNOU A GAR\u00c1\u017dOU - KARLOVA VES, DLH\u00c9 DIELY - HL | Podn\u00e1jom - Baportal.sk - Bratislava","og_description":"Pon\u00fakame V\u00e1m na dlhodob\u00fd pren\u00e1jom plne zariaden\u00fd, klimatizovan\u00fd a \u010diasto\u010dne zrekon\u0161truovan\u00fd 3 izbov\u00fd byt v ob\u013e\u00fabenej lokalite Karlovej Vsi, \u010das\u0165 Dlh\u00e9","og_url":"https:\/\/baportal.sk\/podnajom\/in\/67297\/","og_site_name":"Podn\u00e1jom - Baportal.sk - Bratislava","article_published_time":"2022-05-05T01:01:49+00:00","author":"marek","twitter_card":"summary_large_image","twitter_misc":{"Autor":"marek","Predpokladan\u00fd \u010das \u010d\u00edtania":"1 min\u00fata"},"schema":{"@context":"https:\/\/schema.org","@graph":[{"@type":"WebPage","@id":"https:\/\/baportal.sk\/podnajom\/in\/67297\/","url":"https:\/\/baportal.sk\/podnajom\/in\/67297\/","name":"SLNE\u010cN\u00dd KLIMATIZOVAN\u00dd 3-IZB. BYT S KR\u00c1SNYM V\u00ddH\u013dADOM, SAUNOU A GAR\u00c1\u017dOU - KARLOVA VES, DLH\u00c9 DIELY - HL | Podn\u00e1jom - Baportal.sk - Bratislava","isPartOf":{"@id":"https:\/\/baportal.sk\/podnajom\/#website"},"primaryImageOfPage":{"@id":"https:\/\/baportal.sk\/podnajom\/in\/67297\/#primaryimage"},"image":{"@id":"https:\/\/baportal.sk\/podnajom\/in\/67297\/#primaryimage"},"thumbnailUrl":"https:\/\/baportal.sk\/podnajom\/wp-content\/uploads\/2023\/09\/SLNECNY-KLIMATIZOVANY-3-IZB-BYT-S-KRASNYM-VYHLADOM-SAUNOU-A-GARAZOU.jpeg","datePublished":"2022-05-05T01:01:49+00:00","dateModified":"2022-05-05T01:01:49+00:00","author":{"@id":"https:\/\/baportal.sk\/podnajom\/#\/schema\/person\/1048c08c599b2e93379d6374549bd168"},"description":"Pon\u00fakame V\u00e1m na dlhodob\u00fd pren\u00e1jom plne zariaden\u00fd, klimatizovan\u00fd a \u010diasto\u010dne zrekon\u0161truovan\u00fd 3 izbov\u00fd byt v ob\u013e\u00fabenej lokalite Karlovej Vsi, \u010das\u0165 Dlh\u00e9","breadcrumb":{"@id":"https:\/\/baportal.sk\/podnajom\/in\/67297\/#breadcrumb"},"inLanguage":"sk-SK","potentialAction":[{"@type":"ReadAction","target":["https:\/\/baportal.sk\/podnajom\/in\/67297\/"]}]},{"@type":"ImageObject","inLanguage":"sk-SK","@id":"https:\/\/baportal.sk\/podnajom\/in\/67297\/#primaryimage","url":"https:\/\/baportal.sk\/podnajom\/wp-content\/uploads\/2023\/09\/SLNECNY-KLIMATIZOVANY-3-IZB-BYT-S-KRASNYM-VYHLADOM-SAUNOU-A-GARAZOU.jpeg","contentUrl":"https:\/\/baportal.sk\/podnajom\/wp-content\/uploads\/2023\/09\/SLNECNY-KLIMATIZOVANY-3-IZB-BYT-S-KRASNYM-VYHLADOM-SAUNOU-A-GARAZOU.jpeg","width":600,"height":315},{"@type":"BreadcrumbList","@id":"https:\/\/baportal.sk\/podnajom\/in\/67297\/#breadcrumb","itemListElement":[{"@type":"ListItem","position":1,"name":"Domovsk\u00e1 str\u00e1nka","item":"https:\/\/baportal.sk\/podnajom\/"},{"@type":"ListItem","position":2,"name":"SLNE\u010cN\u00dd KLIMATIZOVAN\u00dd 3-IZB. BYT S KR\u00c1SNYM V\u00ddH\u013dADOM, SAUNOU A GAR\u00c1\u017dOU - KARLOVA VES, DLH\u00c9 DIELY - HL"}]},{"@type":"WebSite","@id":"https:\/\/baportal.sk\/podnajom\/#website","url":"https:\/\/baportal.sk\/podnajom\/","name":"Podn\u00e1jom - Baportal.sk - Bratislava","description":"","potentialAction":[{"@type":"SearchAction","target":{"@type":"EntryPoint","urlTemplate":"https:\/\/baportal.sk\/podnajom\/?s={search_term_string}"},"query-input":"required name=search_term_string"}],"inLanguage":"sk-SK"},{"@type":"Person","@id":"https:\/\/baportal.sk\/podnajom\/#\/schema\/person\/1048c08c599b2e93379d6374549bd168","name":"marek","image":{"@type":"ImageObject","inLanguage":"sk-SK","@id":"https:\/\/baportal.sk\/podnajom\/#\/schema\/person\/image\/","url":"https:\/\/secure.gravatar.com\/avatar\/cdf0fbd37411d455f1afd87f93b867f6?s=96&d=mm&r=g","contentUrl":"https:\/\/secure.gravatar.com\/avatar\/cdf0fbd37411d455f1afd87f93b867f6?s=96&d=mm&r=g","caption":"marek"},"sameAs":["https:\/\/www.baportal.sk\/podnajom"]}]}},"_links":{"self":[{"href":"https:\/\/baportal.sk\/podnajom\/wp-json\/wp\/v2\/posts\/67297"}],"collection":[{"href":"https:\/\/baportal.sk\/podnajom\/wp-json\/wp\/v2\/posts"}],"about":[{"href":"https:\/\/baportal.sk\/podnajom\/wp-json\/wp\/v2\/types\/post"}],"author":[{"embeddable":true,"href":"https:\/\/baportal.sk\/podnajom\/wp-json\/wp\/v2\/users\/1"}],"replies":[{"embeddable":true,"href":"https:\/\/baportal.sk\/podnajom\/wp-json\/wp\/v2\/comments?post=67297"}],"version-history":[{"count":0,"href":"https:\/\/baportal.sk\/podnajom\/wp-json\/wp\/v2\/posts\/67297\/revisions"}],"wp:featuredmedia":[{"embeddable":true,"href":"https:\/\/baportal.sk\/podnajom\/wp-json\/wp\/v2\/media\/67298"}],"wp:attachment":[{"href":"https:\/\/baportal.sk\/podnajom\/wp-json\/wp\/v2\/media?parent=67297"}],"wp:term":[{"taxonomy":"category","embeddable":true,"href":"https:\/\/baportal.sk\/podnajom\/wp-json\/wp\/v2\/categories?post=67297"},{"taxonomy":"post_tag","embeddable":true,"href":"https:\/\/baportal.sk\/podnajom\/wp-json\/wp\/v2\/tags?post=67297"}],"curies":[{"name":"wp","href":"https:\/\/api.w.org\/{rel}","templated":true}]}}