{"id":68017,"date":"2022-05-05T03:01:49","date_gmt":"2022-05-05T01:01:49","guid":{"rendered":"https:\/\/baportal.sk\/podnajom\/in\/68017\/"},"modified":"2022-05-05T03:01:49","modified_gmt":"2022-05-05T01:01:49","slug":"arvin-benet-krasny-velkorysy-2i-byt-s-loggiou-a-parkovacim-miestom","status":"publish","type":"post","link":"https:\/\/baportal.sk\/podnajom\/in\/68017\/","title":{"rendered":"Arvin &amp; Benet | Kr\u00e1sny, ve\u013ekorys\u00fd 2i byt s\u00a0loggiou a\u00a0parkovac\u00edm miestom"},"content":{"rendered":"<div class=\"text-inner\">\n                                Arvin &amp; Benet pon\u00faka na pren\u00e1jom modern\u00fd, ve\u013ekorys\u00fd 2i byt s\u00a0loggiou, pivnicou a\u00a0parkovac\u00edm miestom v\u00a0gar\u00e1\u017ei.<\/p>\n<p>T\u00e1to nehnute\u013enos\u0165 je ide\u00e1lna pre niekoho, kto chce b\u00fdva\u0165 v centre diania, na skok od centra mesta, v modernej novostavbe v\u00a0lokalite s\u00a0dobrou ob\u010dianskou vybavenos\u0165ou.<br \/>\nAk m\u00e1te ve\u013ea osobn\u00fdch vec\u00ed a\u00a0m\u00e1te radi priestor, tento byt V\u00e1m ur\u010dite ulahod\u00ed. Izby s\u00fa pr\u00edjemne ve\u013ekorys\u00e9 a\u00a0byt pon\u00faka aj mno\u017estvo \u00falo\u017en\u00e9ho priestoru pre Va\u0161e veci v\u00a0skriniach a\u00a0tie\u017e v pivnici.<\/p>\n<p>Byt:\u2028\u2028<br \/>\nBytov\u00fd dom je s\u00fa\u010das\u0165ou komplexu troch bytov\u00fdch domov so spolo\u010dn\u00fdm dvorom, na ktorom n\u00e1jdete plno zelene, \u010di detsk\u00e9 ihrisko.<br \/>\nPo vstupe do nehnute\u013enosti sa nach\u00e1dzame v\u00a0praktickej predsieni vybavenej ve\u013ek\u00fdmi \u0161atn\u00edkov\u00fdmi skri\u0148ami. Odtia\u013eto vstupujeme do spolo\u010dn\u00e9ho otvoren\u00e9ho priestoru ob\u00fdva\u010dky a\u00a0kuchyne.<\/p>\n<p>Ob\u00fdva\u010dke dominuje mas\u00edvny kuchynsk\u00fd st\u00f4l pre 4 osoby a\u00a0pr\u00edjemn\u00fd gau\u010d. \u00dah\u013eadn\u00e1 kuchy\u0148a je plne vybaven\u00e1 v\u0161etk\u00fdmi klasick\u00fdmi spotrebi\u010dmi, ktor\u00e9 be\u017en\u00e1 dom\u00e1cnos\u0165 potrebuje.<br \/>\nOb\u00fdva\u010dku so zbytkom bytu prep\u00e1ja v\u00e4\u010d\u0161ia chodba prakticky vyu\u017eit\u00e1 aj ako \u010fal\u0161\u00ed odkladac\u00ed priestor\/\u0161atn\u00edk so vstavanou skri\u0148ou.<\/p>\n<p>V\u013eavo od chodby sa nach\u00e1dza sp\u00e1l\u0148a vybaven\u00e1 kvalitnou man\u017eelskou poste\u013eou, komodou, toaletn\u00fdm\/p\u00edsac\u00edm stol\u00edkom a\u00a0dvomi priestrann\u00fdmi skri\u0148ami.<br \/>\nVpravo od chodby vstupujeme do samostatnej toalety a k\u00fape\u013ene s\u00a0va\u0148ou a\u00a0pr\u00e1\u010dkou zariadenej v\u00a0nad\u010dasov\u00fdch zemit\u00fdch t\u00f3noch.<br \/>\nPosledn\u00fdm bonusom bytu je pr\u00edjemn\u00e1 loggia orientovan\u00e1 do vn\u00fatrobloku.<br \/>\nK\u00a0bytu prisl\u00facha parkovacie miesto v\u00a0gar\u00e1\u017ei a\u00a0pivnica.<\/p>\n<p>Lokalita:\u2028\u2028<br \/>\nRu\u017einov je naj\u017eiadanej\u0161ia bratislavsk\u00e1 lokalita, \u202fktor\u00e1 pon\u00faka v\u00fdborn\u00fa dostupnos\u0165 do centra centra mesta, na dia\u013eni\u010dn\u00e9 obchvaty, letisko a k obchodn\u00fdm centr\u00e1m.<br \/>\nB\u00fdvanie v\u00a0tejto \u010dasti mesta V\u00e1m svojou strategickou polohou prinesie:<br \/>\n-\tBl\u00edzkos\u0165 centra mesta (5 min. autom, 15 min. pe\u0161o)<br \/>\n-\tPokojn\u00fa rodinn\u00fa atmosf\u00e9ru star\u00e9ho Prievozu<br \/>\n-\tV\u00fdborn\u00fa dostupnos\u0165 s MHD<br \/>\n-\tR\u00fdchle napojenie na dia\u013eni\u010dn\u00fd obchvat<br \/>\n-\tV\u00fdhody zabehnut\u00e9ho a ob\u013e\u00faben\u00e9ho Ru\u017einova s rozvinutou ob\u010dianskou vybavenos\u0165ou<\/p>\n<p>\u2028Cena: 800 eur \/ mesiac (540 eur byt + 180 eur energie + 80 eur parkovacie miesto)\u2028<br \/>\nV\u00fdmera: 68,5 m\u00b2 (interi\u00e9r 62,5 m\u00b2, loggia 4,3 m\u00b2, pivnica 1,7 m\u00b2)\u2028\u2028<\/p>\n<p>Fotografie a text s\u00fa autorsk\u00fdm dielom a majetkom spolo\u010dnosti Arvin &amp; Benet.\u2028\u2028Nehnute\u013enos\u0165 bola naaran\u017eovan\u00e1 a nafoten\u00e1 Homestaging oddelen\u00edm na\u0161ej spolo\u010dnosti, ve\u013emi radi V\u00e1m pom\u00f4\u017eeme pri efekt\u00edvnom a d\u00f4stojnom predaji \u010di pren\u00e1jme aj Va\u0161ej nehnute\u013enosti. Budeme sa te\u0161i\u0165, ke\u010f n\u00e1s budete nez\u00e1v\u00e4zne kontaktova\u0165.                            <\/p><\/div>\n","protected":false},"excerpt":{"rendered":"<p>Arvin &amp; Benet pon\u00faka na pren\u00e1jom modern\u00fd, ve\u013ekorys\u00fd 2i byt s\u00a0loggiou, pivnicou a\u00a0parkovac\u00edm miestom v\u00a0gar\u00e1\u017ei. T\u00e1to nehnute\u013enos\u0165 je ide\u00e1lna pre niekoho, kto chce b\u00fdva\u0165 v centre diania, na skok od centra mesta, v modernej novostavbe v\u00a0lokalite s\u00a0dobrou ob\u010dianskou vybavenos\u0165ou. Ak m\u00e1te ve\u013ea osobn\u00fdch vec\u00ed a\u00a0m\u00e1te radi priestor, tento byt V\u00e1m ur\u010dite ulahod\u00ed. Izby s\u00fa pr\u00edjemne [&hellip;]<\/p>\n","protected":false},"author":1,"featured_media":68018,"comment_status":"open","ping_status":"open","sticky":false,"template":"","format":"standard","meta":{"footnotes":""},"categories":[4],"tags":[],"class_list":["post-68017","post","type-post","status-publish","format-standard","has-post-thumbnail","hentry","category-prenajom-bytu"],"yoast_head":"<!-- This site is optimized with the Yoast SEO plugin v23.1 - https:\/\/yoast.com\/wordpress\/plugins\/seo\/ -->\n<title>Arvin &amp; Benet | Kr\u00e1sny, ve\u013ekorys\u00fd 2i byt s\u00a0loggiou a\u00a0parkovac\u00edm miestom | Podn\u00e1jom - Baportal.sk - Bratislava<\/title>\n<meta name=\"description\" content=\"Arvin &amp; Benet pon\u00faka na pren\u00e1jom modern\u00fd, ve\u013ekorys\u00fd 2i byt s\u00a0loggiou, pivnicou a\u00a0parkovac\u00edm miestom v\u00a0gar\u00e1\u017ei. T\u00e1to nehnute\u013enos\u0165 je ide\u00e1lna pre\" \/>\n<meta name=\"robots\" content=\"index, follow, max-snippet:-1, max-image-preview:large, max-video-preview:-1\" \/>\n<link rel=\"canonical\" href=\"https:\/\/baportal.sk\/podnajom\/in\/68017\/\" \/>\n<meta property=\"og:locale\" content=\"sk_SK\" \/>\n<meta property=\"og:type\" content=\"article\" \/>\n<meta property=\"og:title\" content=\"Arvin &amp; Benet | Kr\u00e1sny, ve\u013ekorys\u00fd 2i byt s\u00a0loggiou a\u00a0parkovac\u00edm miestom | Podn\u00e1jom - Baportal.sk - Bratislava\" \/>\n<meta property=\"og:description\" content=\"Arvin &amp; Benet pon\u00faka na pren\u00e1jom modern\u00fd, ve\u013ekorys\u00fd 2i byt s\u00a0loggiou, pivnicou a\u00a0parkovac\u00edm miestom v\u00a0gar\u00e1\u017ei. T\u00e1to nehnute\u013enos\u0165 je ide\u00e1lna pre\" \/>\n<meta property=\"og:url\" content=\"https:\/\/baportal.sk\/podnajom\/in\/68017\/\" \/>\n<meta property=\"og:site_name\" content=\"Podn\u00e1jom - Baportal.sk - Bratislava\" \/>\n<meta property=\"article:published_time\" content=\"2022-05-05T01:01:49+00:00\" \/>\n<meta name=\"author\" content=\"marek\" \/>\n<meta name=\"twitter:card\" content=\"summary_large_image\" \/>\n<meta name=\"twitter:label1\" content=\"Autor\" \/>\n\t<meta name=\"twitter:data1\" content=\"marek\" \/>\n\t<meta name=\"twitter:label2\" content=\"Predpokladan\u00fd \u010das \u010d\u00edtania\" \/>\n\t<meta name=\"twitter:data2\" content=\"2 min\u00faty\" \/>\n<script type=\"application\/ld+json\" class=\"yoast-schema-graph\">{\"@context\":\"https:\/\/schema.org\",\"@graph\":[{\"@type\":\"WebPage\",\"@id\":\"https:\/\/baportal.sk\/podnajom\/in\/68017\/\",\"url\":\"https:\/\/baportal.sk\/podnajom\/in\/68017\/\",\"name\":\"Arvin &amp; Benet | Kr\u00e1sny, ve\u013ekorys\u00fd 2i byt s\u00a0loggiou a\u00a0parkovac\u00edm miestom | Podn\u00e1jom - Baportal.sk - Bratislava\",\"isPartOf\":{\"@id\":\"https:\/\/baportal.sk\/podnajom\/#website\"},\"primaryImageOfPage\":{\"@id\":\"https:\/\/baportal.sk\/podnajom\/in\/68017\/#primaryimage\"},\"image\":{\"@id\":\"https:\/\/baportal.sk\/podnajom\/in\/68017\/#primaryimage\"},\"thumbnailUrl\":\"https:\/\/baportal.sk\/podnajom\/wp-content\/uploads\/2023\/09\/Arvin-amp-Benet-Krasny-velkorysy-2i-byt-s-loggiou-a-parkovacim.jpeg\",\"datePublished\":\"2022-05-05T01:01:49+00:00\",\"dateModified\":\"2022-05-05T01:01:49+00:00\",\"author\":{\"@id\":\"https:\/\/baportal.sk\/podnajom\/#\/schema\/person\/1048c08c599b2e93379d6374549bd168\"},\"description\":\"Arvin &amp; Benet pon\u00faka na pren\u00e1jom modern\u00fd, ve\u013ekorys\u00fd 2i byt s\u00a0loggiou, pivnicou a\u00a0parkovac\u00edm miestom v\u00a0gar\u00e1\u017ei. T\u00e1to nehnute\u013enos\u0165 je ide\u00e1lna pre\",\"breadcrumb\":{\"@id\":\"https:\/\/baportal.sk\/podnajom\/in\/68017\/#breadcrumb\"},\"inLanguage\":\"sk-SK\",\"potentialAction\":[{\"@type\":\"ReadAction\",\"target\":[\"https:\/\/baportal.sk\/podnajom\/in\/68017\/\"]}]},{\"@type\":\"ImageObject\",\"inLanguage\":\"sk-SK\",\"@id\":\"https:\/\/baportal.sk\/podnajom\/in\/68017\/#primaryimage\",\"url\":\"https:\/\/baportal.sk\/podnajom\/wp-content\/uploads\/2023\/09\/Arvin-amp-Benet-Krasny-velkorysy-2i-byt-s-loggiou-a-parkovacim.jpeg\",\"contentUrl\":\"https:\/\/baportal.sk\/podnajom\/wp-content\/uploads\/2023\/09\/Arvin-amp-Benet-Krasny-velkorysy-2i-byt-s-loggiou-a-parkovacim.jpeg\",\"width\":600,\"height\":315},{\"@type\":\"BreadcrumbList\",\"@id\":\"https:\/\/baportal.sk\/podnajom\/in\/68017\/#breadcrumb\",\"itemListElement\":[{\"@type\":\"ListItem\",\"position\":1,\"name\":\"Domovsk\u00e1 str\u00e1nka\",\"item\":\"https:\/\/baportal.sk\/podnajom\/\"},{\"@type\":\"ListItem\",\"position\":2,\"name\":\"Arvin &amp; Benet | Kr\u00e1sny, ve\u013ekorys\u00fd 2i byt s\u00a0loggiou a\u00a0parkovac\u00edm miestom\"}]},{\"@type\":\"WebSite\",\"@id\":\"https:\/\/baportal.sk\/podnajom\/#website\",\"url\":\"https:\/\/baportal.sk\/podnajom\/\",\"name\":\"Podn\u00e1jom - Baportal.sk - Bratislava\",\"description\":\"\",\"potentialAction\":[{\"@type\":\"SearchAction\",\"target\":{\"@type\":\"EntryPoint\",\"urlTemplate\":\"https:\/\/baportal.sk\/podnajom\/?s={search_term_string}\"},\"query-input\":\"required name=search_term_string\"}],\"inLanguage\":\"sk-SK\"},{\"@type\":\"Person\",\"@id\":\"https:\/\/baportal.sk\/podnajom\/#\/schema\/person\/1048c08c599b2e93379d6374549bd168\",\"name\":\"marek\",\"image\":{\"@type\":\"ImageObject\",\"inLanguage\":\"sk-SK\",\"@id\":\"https:\/\/baportal.sk\/podnajom\/#\/schema\/person\/image\/\",\"url\":\"https:\/\/secure.gravatar.com\/avatar\/cdf0fbd37411d455f1afd87f93b867f6?s=96&d=mm&r=g\",\"contentUrl\":\"https:\/\/secure.gravatar.com\/avatar\/cdf0fbd37411d455f1afd87f93b867f6?s=96&d=mm&r=g\",\"caption\":\"marek\"},\"sameAs\":[\"https:\/\/www.baportal.sk\/podnajom\"]}]}<\/script>\n<!-- \/ Yoast SEO plugin. -->","yoast_head_json":{"title":"Arvin &amp; Benet | Kr\u00e1sny, ve\u013ekorys\u00fd 2i byt s\u00a0loggiou a\u00a0parkovac\u00edm miestom | Podn\u00e1jom - Baportal.sk - Bratislava","description":"Arvin &amp; Benet pon\u00faka na pren\u00e1jom modern\u00fd, ve\u013ekorys\u00fd 2i byt s\u00a0loggiou, pivnicou a\u00a0parkovac\u00edm miestom v\u00a0gar\u00e1\u017ei. T\u00e1to nehnute\u013enos\u0165 je ide\u00e1lna pre","robots":{"index":"index","follow":"follow","max-snippet":"max-snippet:-1","max-image-preview":"max-image-preview:large","max-video-preview":"max-video-preview:-1"},"canonical":"https:\/\/baportal.sk\/podnajom\/in\/68017\/","og_locale":"sk_SK","og_type":"article","og_title":"Arvin &amp; Benet | Kr\u00e1sny, ve\u013ekorys\u00fd 2i byt s\u00a0loggiou a\u00a0parkovac\u00edm miestom | Podn\u00e1jom - Baportal.sk - Bratislava","og_description":"Arvin &amp; Benet pon\u00faka na pren\u00e1jom modern\u00fd, ve\u013ekorys\u00fd 2i byt s\u00a0loggiou, pivnicou a\u00a0parkovac\u00edm miestom v\u00a0gar\u00e1\u017ei. T\u00e1to nehnute\u013enos\u0165 je ide\u00e1lna pre","og_url":"https:\/\/baportal.sk\/podnajom\/in\/68017\/","og_site_name":"Podn\u00e1jom - Baportal.sk - Bratislava","article_published_time":"2022-05-05T01:01:49+00:00","author":"marek","twitter_card":"summary_large_image","twitter_misc":{"Autor":"marek","Predpokladan\u00fd \u010das \u010d\u00edtania":"2 min\u00faty"},"schema":{"@context":"https:\/\/schema.org","@graph":[{"@type":"WebPage","@id":"https:\/\/baportal.sk\/podnajom\/in\/68017\/","url":"https:\/\/baportal.sk\/podnajom\/in\/68017\/","name":"Arvin &amp; Benet | Kr\u00e1sny, ve\u013ekorys\u00fd 2i byt s\u00a0loggiou a\u00a0parkovac\u00edm miestom | Podn\u00e1jom - Baportal.sk - Bratislava","isPartOf":{"@id":"https:\/\/baportal.sk\/podnajom\/#website"},"primaryImageOfPage":{"@id":"https:\/\/baportal.sk\/podnajom\/in\/68017\/#primaryimage"},"image":{"@id":"https:\/\/baportal.sk\/podnajom\/in\/68017\/#primaryimage"},"thumbnailUrl":"https:\/\/baportal.sk\/podnajom\/wp-content\/uploads\/2023\/09\/Arvin-amp-Benet-Krasny-velkorysy-2i-byt-s-loggiou-a-parkovacim.jpeg","datePublished":"2022-05-05T01:01:49+00:00","dateModified":"2022-05-05T01:01:49+00:00","author":{"@id":"https:\/\/baportal.sk\/podnajom\/#\/schema\/person\/1048c08c599b2e93379d6374549bd168"},"description":"Arvin &amp; Benet pon\u00faka na pren\u00e1jom modern\u00fd, ve\u013ekorys\u00fd 2i byt s\u00a0loggiou, pivnicou a\u00a0parkovac\u00edm miestom v\u00a0gar\u00e1\u017ei. T\u00e1to nehnute\u013enos\u0165 je ide\u00e1lna pre","breadcrumb":{"@id":"https:\/\/baportal.sk\/podnajom\/in\/68017\/#breadcrumb"},"inLanguage":"sk-SK","potentialAction":[{"@type":"ReadAction","target":["https:\/\/baportal.sk\/podnajom\/in\/68017\/"]}]},{"@type":"ImageObject","inLanguage":"sk-SK","@id":"https:\/\/baportal.sk\/podnajom\/in\/68017\/#primaryimage","url":"https:\/\/baportal.sk\/podnajom\/wp-content\/uploads\/2023\/09\/Arvin-amp-Benet-Krasny-velkorysy-2i-byt-s-loggiou-a-parkovacim.jpeg","contentUrl":"https:\/\/baportal.sk\/podnajom\/wp-content\/uploads\/2023\/09\/Arvin-amp-Benet-Krasny-velkorysy-2i-byt-s-loggiou-a-parkovacim.jpeg","width":600,"height":315},{"@type":"BreadcrumbList","@id":"https:\/\/baportal.sk\/podnajom\/in\/68017\/#breadcrumb","itemListElement":[{"@type":"ListItem","position":1,"name":"Domovsk\u00e1 str\u00e1nka","item":"https:\/\/baportal.sk\/podnajom\/"},{"@type":"ListItem","position":2,"name":"Arvin &amp; Benet | Kr\u00e1sny, ve\u013ekorys\u00fd 2i byt s\u00a0loggiou a\u00a0parkovac\u00edm miestom"}]},{"@type":"WebSite","@id":"https:\/\/baportal.sk\/podnajom\/#website","url":"https:\/\/baportal.sk\/podnajom\/","name":"Podn\u00e1jom - Baportal.sk - Bratislava","description":"","potentialAction":[{"@type":"SearchAction","target":{"@type":"EntryPoint","urlTemplate":"https:\/\/baportal.sk\/podnajom\/?s={search_term_string}"},"query-input":"required name=search_term_string"}],"inLanguage":"sk-SK"},{"@type":"Person","@id":"https:\/\/baportal.sk\/podnajom\/#\/schema\/person\/1048c08c599b2e93379d6374549bd168","name":"marek","image":{"@type":"ImageObject","inLanguage":"sk-SK","@id":"https:\/\/baportal.sk\/podnajom\/#\/schema\/person\/image\/","url":"https:\/\/secure.gravatar.com\/avatar\/cdf0fbd37411d455f1afd87f93b867f6?s=96&d=mm&r=g","contentUrl":"https:\/\/secure.gravatar.com\/avatar\/cdf0fbd37411d455f1afd87f93b867f6?s=96&d=mm&r=g","caption":"marek"},"sameAs":["https:\/\/www.baportal.sk\/podnajom"]}]}},"_links":{"self":[{"href":"https:\/\/baportal.sk\/podnajom\/wp-json\/wp\/v2\/posts\/68017"}],"collection":[{"href":"https:\/\/baportal.sk\/podnajom\/wp-json\/wp\/v2\/posts"}],"about":[{"href":"https:\/\/baportal.sk\/podnajom\/wp-json\/wp\/v2\/types\/post"}],"author":[{"embeddable":true,"href":"https:\/\/baportal.sk\/podnajom\/wp-json\/wp\/v2\/users\/1"}],"replies":[{"embeddable":true,"href":"https:\/\/baportal.sk\/podnajom\/wp-json\/wp\/v2\/comments?post=68017"}],"version-history":[{"count":0,"href":"https:\/\/baportal.sk\/podnajom\/wp-json\/wp\/v2\/posts\/68017\/revisions"}],"wp:featuredmedia":[{"embeddable":true,"href":"https:\/\/baportal.sk\/podnajom\/wp-json\/wp\/v2\/media\/68018"}],"wp:attachment":[{"href":"https:\/\/baportal.sk\/podnajom\/wp-json\/wp\/v2\/media?parent=68017"}],"wp:term":[{"taxonomy":"category","embeddable":true,"href":"https:\/\/baportal.sk\/podnajom\/wp-json\/wp\/v2\/categories?post=68017"},{"taxonomy":"post_tag","embeddable":true,"href":"https:\/\/baportal.sk\/podnajom\/wp-json\/wp\/v2\/tags?post=68017"}],"curies":[{"name":"wp","href":"https:\/\/api.w.org\/{rel}","templated":true}]}}