{"id":69368,"date":"2022-05-05T03:01:49","date_gmt":"2022-05-05T01:01:49","guid":{"rendered":"https:\/\/baportal.sk\/podnajom\/in\/69368\/"},"modified":"2022-05-05T03:01:49","modified_gmt":"2022-05-05T01:01:49","slug":"priestranny-byt-s-garazou-terasou-a-krasnym-vyhladom-v-liscom-udoli","status":"publish","type":"post","link":"https:\/\/baportal.sk\/podnajom\/in\/69368\/","title":{"rendered":"PRIESTRANN\u00dd BYT S GAR\u00c1\u017dOU, TERASOU A KR\u00c1SNYM V\u00ddH\u013dADOM V L\u00cd\u0160\u010cOM \u00daDOL\u00cd"},"content":{"rendered":"<div class=\"text-inner\">\n                                Pon\u00fakame V\u00e1m na pren\u00e1jom kr\u00e1sny 4 izbov\u00fd zariaden\u00fd byt v tehlovom dome z r. 2003 na \u0160piezovej ulici v tichej \u010dasti Karlovej Vsi tesne nad L\u00ed\u0161\u010dim \u00fadol\u00edm. Byt m\u00e1 v\u00fdmeru 116 m2, v\u00fdborn\u00e9 dispozi\u010dn\u00e9 rie\u0161enie. Orient\u00e1cia bytu je V-Z.<br \/>\nKuchy\u0148a s jed\u00e1l\u0148ou, priestrann\u00e1 \u0161pajza. Ob\u00fdvacia izba s v\u00fdchodom na terasu so seden\u00edm a elektrickou mark\u00edzou, z ktorej je n\u00e1dhern\u00fd v\u00fdh\u013ead na L\u00ed\u0161\u010die \u00fadolie, ve\u013ek\u00e1 k\u00fape\u013e\u0148a s va\u0148ou, sprchov\u00fdm k\u00fatom a s Wc, vchod na druh\u00e9 Wc v priedsieni, ve\u013ek\u00e1 sp\u00e1\u013e\u0148a s vbalk\u00f3nom, dve men\u0161ie sp\u00e1lne vyu\u017eite\u013en\u00e9 aj ako pracov\u0148a, v celom byte s\u00fa elektrick\u00e9 plastov\u00e9 vonkaj\u0161ie rolety, dreven\u00e9 podlahy, kvalitn\u00fd dreven\u00fd n\u00e1bytok a svietidl\u00e1, filtr\u00e1cia vody, v kuchyni v\u0161etky elektrospotrebi\u010de, spor\u00e1k, chladni\u010dka, digestor, elektrick\u00e1 r\u00fara, mikrovlnka, um\u00fdva\u010dka riadu, v k\u00fape\u013eni pr\u00e1\u010dka. K bytu prin\u00e1le\u017e\u00ed samostatn\u00e1 uzamykate\u013en\u00e1 gar\u00e1\u017e s br\u00e1nou na dia\u013ekov\u00e9 ovl\u00e1danie v suter\u00e9ne domu, bezbarierov\u00fd pr\u00edstup. Byt m\u00e1 samostatn\u00e9 k\u00farenie a ohrev vody.<br \/>\nByt je vhodn\u00fd aj pre rodinu, bez zvierat.<br \/>\nV\u00fd\u0161ka n\u00e1jomn\u00e9ho je 890 \u20ac\/mesiac + 300 \u20ac energie.<br \/>\nPri podpise n\u00e1jomnej zmluvy sa plat\u00ed n\u00e1jomn\u00e9 za 1 mesiac + kaucia vo v\u00fd\u0161ke 1000 \u20ac a realitn\u00e1 kancel\u00e1ria 890 \u20ac.<br \/>\nPri dlhodobom N\u00e1jme je mo\u017en\u00e9 dohdon\u00fa\u0165 sa na cene, po ka\u017edom roku z\u013eava 50 Eur.<\/p>\n<p>Lokalita poskytuje kompletn\u00fa ob\u010diansku vybavenos\u0165, 2 min. elektri\u010dka, 5 min. zast\u00e1vka autobusu (aj no\u010dn\u00e9 spoje, priamy spoj na vlakov\u00fa stanicu), pod domom park L\u00ed\u0161\u010die \u00dadolie (lesn\u00e9 be\u017eeck\u00e9 cesty, miesta na grilovanie a cvi\u010denie, koncerty, letn\u00e9 kino), 5 min\u00fat Billa, 15 min. Lidl, do 10 min je ob\u010dianska vybavenos\u0165 (Poliklinika, Po\u0161ta, Karlovesk\u00e1 Klubov\u0148a, Fitness, Cukr\u00e1re\u0148, Re\u0161taur\u00e1cie a bary, Lek\u00e1re\u0148, \u0160kola, \u0160k\u00f4lka, detsk\u00e9 ihrisk\u00e1, Kostol, telocvi\u010dne a pod.), 15 min. k Dunaju, 30 min. pe\u0161o do star\u00e9ho mesta po n\u00e1bre\u017e\u00ed.                            <\/p><\/div>\n","protected":false},"excerpt":{"rendered":"<p>Pon\u00fakame V\u00e1m na pren\u00e1jom kr\u00e1sny 4 izbov\u00fd zariaden\u00fd byt v tehlovom dome z r. 2003 na \u0160piezovej ulici v tichej \u010dasti Karlovej Vsi tesne nad L\u00ed\u0161\u010dim \u00fadol\u00edm. Byt m\u00e1 v\u00fdmeru 116 m2, v\u00fdborn\u00e9 dispozi\u010dn\u00e9 rie\u0161enie. Orient\u00e1cia bytu je V-Z. Kuchy\u0148a s jed\u00e1l\u0148ou, priestrann\u00e1 \u0161pajza. Ob\u00fdvacia izba s v\u00fdchodom na terasu so seden\u00edm a elektrickou mark\u00edzou, [&hellip;]<\/p>\n","protected":false},"author":1,"featured_media":69369,"comment_status":"open","ping_status":"open","sticky":false,"template":"","format":"standard","meta":{"footnotes":""},"categories":[4],"tags":[],"class_list":["post-69368","post","type-post","status-publish","format-standard","has-post-thumbnail","hentry","category-prenajom-bytu"],"yoast_head":"<!-- This site is optimized with the Yoast SEO plugin v23.1 - https:\/\/yoast.com\/wordpress\/plugins\/seo\/ -->\n<title>PRIESTRANN\u00dd BYT S GAR\u00c1\u017dOU, TERASOU A KR\u00c1SNYM V\u00ddH\u013dADOM V L\u00cd\u0160\u010cOM \u00daDOL\u00cd | Podn\u00e1jom - Baportal.sk - Bratislava<\/title>\n<meta name=\"description\" content=\"Pon\u00fakame V\u00e1m na pren\u00e1jom kr\u00e1sny 4 izbov\u00fd zariaden\u00fd byt v tehlovom dome z r. 2003 na \u0160piezovej ulici v tichej \u010dasti Karlovej Vsi tesne nad L\u00ed\u0161\u010dim \u00fadol\u00edm.\" \/>\n<meta name=\"robots\" content=\"index, follow, max-snippet:-1, max-image-preview:large, max-video-preview:-1\" \/>\n<link rel=\"canonical\" href=\"https:\/\/baportal.sk\/podnajom\/in\/69368\/\" \/>\n<meta property=\"og:locale\" content=\"sk_SK\" \/>\n<meta property=\"og:type\" content=\"article\" \/>\n<meta property=\"og:title\" content=\"PRIESTRANN\u00dd BYT S GAR\u00c1\u017dOU, TERASOU A KR\u00c1SNYM V\u00ddH\u013dADOM V L\u00cd\u0160\u010cOM \u00daDOL\u00cd | Podn\u00e1jom - Baportal.sk - Bratislava\" \/>\n<meta property=\"og:description\" content=\"Pon\u00fakame V\u00e1m na pren\u00e1jom kr\u00e1sny 4 izbov\u00fd zariaden\u00fd byt v tehlovom dome z r. 2003 na \u0160piezovej ulici v tichej \u010dasti Karlovej Vsi tesne nad L\u00ed\u0161\u010dim \u00fadol\u00edm.\" \/>\n<meta property=\"og:url\" content=\"https:\/\/baportal.sk\/podnajom\/in\/69368\/\" \/>\n<meta property=\"og:site_name\" content=\"Podn\u00e1jom - Baportal.sk - Bratislava\" \/>\n<meta property=\"article:published_time\" content=\"2022-05-05T01:01:49+00:00\" \/>\n<meta name=\"author\" content=\"marek\" \/>\n<meta name=\"twitter:card\" content=\"summary_large_image\" \/>\n<meta name=\"twitter:label1\" content=\"Autor\" \/>\n\t<meta name=\"twitter:data1\" content=\"marek\" \/>\n\t<meta name=\"twitter:label2\" content=\"Predpokladan\u00fd \u010das \u010d\u00edtania\" \/>\n\t<meta name=\"twitter:data2\" content=\"2 min\u00faty\" \/>\n<script type=\"application\/ld+json\" class=\"yoast-schema-graph\">{\"@context\":\"https:\/\/schema.org\",\"@graph\":[{\"@type\":\"WebPage\",\"@id\":\"https:\/\/baportal.sk\/podnajom\/in\/69368\/\",\"url\":\"https:\/\/baportal.sk\/podnajom\/in\/69368\/\",\"name\":\"PRIESTRANN\u00dd BYT S GAR\u00c1\u017dOU, TERASOU A KR\u00c1SNYM V\u00ddH\u013dADOM V L\u00cd\u0160\u010cOM \u00daDOL\u00cd | Podn\u00e1jom - Baportal.sk - Bratislava\",\"isPartOf\":{\"@id\":\"https:\/\/baportal.sk\/podnajom\/#website\"},\"primaryImageOfPage\":{\"@id\":\"https:\/\/baportal.sk\/podnajom\/in\/69368\/#primaryimage\"},\"image\":{\"@id\":\"https:\/\/baportal.sk\/podnajom\/in\/69368\/#primaryimage\"},\"thumbnailUrl\":\"https:\/\/baportal.sk\/podnajom\/wp-content\/uploads\/2023\/10\/PRIESTRANNY-BYT-S-GARAZOU-TERASOU-A-KRASNYM-VYHLADOM-V-LISCOM.jpeg\",\"datePublished\":\"2022-05-05T01:01:49+00:00\",\"dateModified\":\"2022-05-05T01:01:49+00:00\",\"author\":{\"@id\":\"https:\/\/baportal.sk\/podnajom\/#\/schema\/person\/1048c08c599b2e93379d6374549bd168\"},\"description\":\"Pon\u00fakame V\u00e1m na pren\u00e1jom kr\u00e1sny 4 izbov\u00fd zariaden\u00fd byt v tehlovom dome z r. 2003 na \u0160piezovej ulici v tichej \u010dasti Karlovej Vsi tesne nad L\u00ed\u0161\u010dim \u00fadol\u00edm.\",\"breadcrumb\":{\"@id\":\"https:\/\/baportal.sk\/podnajom\/in\/69368\/#breadcrumb\"},\"inLanguage\":\"sk-SK\",\"potentialAction\":[{\"@type\":\"ReadAction\",\"target\":[\"https:\/\/baportal.sk\/podnajom\/in\/69368\/\"]}]},{\"@type\":\"ImageObject\",\"inLanguage\":\"sk-SK\",\"@id\":\"https:\/\/baportal.sk\/podnajom\/in\/69368\/#primaryimage\",\"url\":\"https:\/\/baportal.sk\/podnajom\/wp-content\/uploads\/2023\/10\/PRIESTRANNY-BYT-S-GARAZOU-TERASOU-A-KRASNYM-VYHLADOM-V-LISCOM.jpeg\",\"contentUrl\":\"https:\/\/baportal.sk\/podnajom\/wp-content\/uploads\/2023\/10\/PRIESTRANNY-BYT-S-GARAZOU-TERASOU-A-KRASNYM-VYHLADOM-V-LISCOM.jpeg\",\"width\":600,\"height\":315},{\"@type\":\"BreadcrumbList\",\"@id\":\"https:\/\/baportal.sk\/podnajom\/in\/69368\/#breadcrumb\",\"itemListElement\":[{\"@type\":\"ListItem\",\"position\":1,\"name\":\"Domovsk\u00e1 str\u00e1nka\",\"item\":\"https:\/\/baportal.sk\/podnajom\/\"},{\"@type\":\"ListItem\",\"position\":2,\"name\":\"PRIESTRANN\u00dd BYT S GAR\u00c1\u017dOU, TERASOU A KR\u00c1SNYM V\u00ddH\u013dADOM V L\u00cd\u0160\u010cOM \u00daDOL\u00cd\"}]},{\"@type\":\"WebSite\",\"@id\":\"https:\/\/baportal.sk\/podnajom\/#website\",\"url\":\"https:\/\/baportal.sk\/podnajom\/\",\"name\":\"Podn\u00e1jom - Baportal.sk - Bratislava\",\"description\":\"\",\"potentialAction\":[{\"@type\":\"SearchAction\",\"target\":{\"@type\":\"EntryPoint\",\"urlTemplate\":\"https:\/\/baportal.sk\/podnajom\/?s={search_term_string}\"},\"query-input\":\"required name=search_term_string\"}],\"inLanguage\":\"sk-SK\"},{\"@type\":\"Person\",\"@id\":\"https:\/\/baportal.sk\/podnajom\/#\/schema\/person\/1048c08c599b2e93379d6374549bd168\",\"name\":\"marek\",\"image\":{\"@type\":\"ImageObject\",\"inLanguage\":\"sk-SK\",\"@id\":\"https:\/\/baportal.sk\/podnajom\/#\/schema\/person\/image\/\",\"url\":\"https:\/\/secure.gravatar.com\/avatar\/cdf0fbd37411d455f1afd87f93b867f6?s=96&d=mm&r=g\",\"contentUrl\":\"https:\/\/secure.gravatar.com\/avatar\/cdf0fbd37411d455f1afd87f93b867f6?s=96&d=mm&r=g\",\"caption\":\"marek\"},\"sameAs\":[\"https:\/\/www.baportal.sk\/podnajom\"]}]}<\/script>\n<!-- \/ Yoast SEO plugin. -->","yoast_head_json":{"title":"PRIESTRANN\u00dd BYT S GAR\u00c1\u017dOU, TERASOU A KR\u00c1SNYM V\u00ddH\u013dADOM V L\u00cd\u0160\u010cOM \u00daDOL\u00cd | Podn\u00e1jom - Baportal.sk - Bratislava","description":"Pon\u00fakame V\u00e1m na pren\u00e1jom kr\u00e1sny 4 izbov\u00fd zariaden\u00fd byt v tehlovom dome z r. 2003 na \u0160piezovej ulici v tichej \u010dasti Karlovej Vsi tesne nad L\u00ed\u0161\u010dim \u00fadol\u00edm.","robots":{"index":"index","follow":"follow","max-snippet":"max-snippet:-1","max-image-preview":"max-image-preview:large","max-video-preview":"max-video-preview:-1"},"canonical":"https:\/\/baportal.sk\/podnajom\/in\/69368\/","og_locale":"sk_SK","og_type":"article","og_title":"PRIESTRANN\u00dd BYT S GAR\u00c1\u017dOU, TERASOU A KR\u00c1SNYM V\u00ddH\u013dADOM V L\u00cd\u0160\u010cOM \u00daDOL\u00cd | Podn\u00e1jom - Baportal.sk - Bratislava","og_description":"Pon\u00fakame V\u00e1m na pren\u00e1jom kr\u00e1sny 4 izbov\u00fd zariaden\u00fd byt v tehlovom dome z r. 2003 na \u0160piezovej ulici v tichej \u010dasti Karlovej Vsi tesne nad L\u00ed\u0161\u010dim \u00fadol\u00edm.","og_url":"https:\/\/baportal.sk\/podnajom\/in\/69368\/","og_site_name":"Podn\u00e1jom - Baportal.sk - Bratislava","article_published_time":"2022-05-05T01:01:49+00:00","author":"marek","twitter_card":"summary_large_image","twitter_misc":{"Autor":"marek","Predpokladan\u00fd \u010das \u010d\u00edtania":"2 min\u00faty"},"schema":{"@context":"https:\/\/schema.org","@graph":[{"@type":"WebPage","@id":"https:\/\/baportal.sk\/podnajom\/in\/69368\/","url":"https:\/\/baportal.sk\/podnajom\/in\/69368\/","name":"PRIESTRANN\u00dd BYT S GAR\u00c1\u017dOU, TERASOU A KR\u00c1SNYM V\u00ddH\u013dADOM V L\u00cd\u0160\u010cOM \u00daDOL\u00cd | Podn\u00e1jom - Baportal.sk - Bratislava","isPartOf":{"@id":"https:\/\/baportal.sk\/podnajom\/#website"},"primaryImageOfPage":{"@id":"https:\/\/baportal.sk\/podnajom\/in\/69368\/#primaryimage"},"image":{"@id":"https:\/\/baportal.sk\/podnajom\/in\/69368\/#primaryimage"},"thumbnailUrl":"https:\/\/baportal.sk\/podnajom\/wp-content\/uploads\/2023\/10\/PRIESTRANNY-BYT-S-GARAZOU-TERASOU-A-KRASNYM-VYHLADOM-V-LISCOM.jpeg","datePublished":"2022-05-05T01:01:49+00:00","dateModified":"2022-05-05T01:01:49+00:00","author":{"@id":"https:\/\/baportal.sk\/podnajom\/#\/schema\/person\/1048c08c599b2e93379d6374549bd168"},"description":"Pon\u00fakame V\u00e1m na pren\u00e1jom kr\u00e1sny 4 izbov\u00fd zariaden\u00fd byt v tehlovom dome z r. 2003 na \u0160piezovej ulici v tichej \u010dasti Karlovej Vsi tesne nad L\u00ed\u0161\u010dim \u00fadol\u00edm.","breadcrumb":{"@id":"https:\/\/baportal.sk\/podnajom\/in\/69368\/#breadcrumb"},"inLanguage":"sk-SK","potentialAction":[{"@type":"ReadAction","target":["https:\/\/baportal.sk\/podnajom\/in\/69368\/"]}]},{"@type":"ImageObject","inLanguage":"sk-SK","@id":"https:\/\/baportal.sk\/podnajom\/in\/69368\/#primaryimage","url":"https:\/\/baportal.sk\/podnajom\/wp-content\/uploads\/2023\/10\/PRIESTRANNY-BYT-S-GARAZOU-TERASOU-A-KRASNYM-VYHLADOM-V-LISCOM.jpeg","contentUrl":"https:\/\/baportal.sk\/podnajom\/wp-content\/uploads\/2023\/10\/PRIESTRANNY-BYT-S-GARAZOU-TERASOU-A-KRASNYM-VYHLADOM-V-LISCOM.jpeg","width":600,"height":315},{"@type":"BreadcrumbList","@id":"https:\/\/baportal.sk\/podnajom\/in\/69368\/#breadcrumb","itemListElement":[{"@type":"ListItem","position":1,"name":"Domovsk\u00e1 str\u00e1nka","item":"https:\/\/baportal.sk\/podnajom\/"},{"@type":"ListItem","position":2,"name":"PRIESTRANN\u00dd BYT S GAR\u00c1\u017dOU, TERASOU A KR\u00c1SNYM V\u00ddH\u013dADOM V L\u00cd\u0160\u010cOM \u00daDOL\u00cd"}]},{"@type":"WebSite","@id":"https:\/\/baportal.sk\/podnajom\/#website","url":"https:\/\/baportal.sk\/podnajom\/","name":"Podn\u00e1jom - Baportal.sk - Bratislava","description":"","potentialAction":[{"@type":"SearchAction","target":{"@type":"EntryPoint","urlTemplate":"https:\/\/baportal.sk\/podnajom\/?s={search_term_string}"},"query-input":"required name=search_term_string"}],"inLanguage":"sk-SK"},{"@type":"Person","@id":"https:\/\/baportal.sk\/podnajom\/#\/schema\/person\/1048c08c599b2e93379d6374549bd168","name":"marek","image":{"@type":"ImageObject","inLanguage":"sk-SK","@id":"https:\/\/baportal.sk\/podnajom\/#\/schema\/person\/image\/","url":"https:\/\/secure.gravatar.com\/avatar\/cdf0fbd37411d455f1afd87f93b867f6?s=96&d=mm&r=g","contentUrl":"https:\/\/secure.gravatar.com\/avatar\/cdf0fbd37411d455f1afd87f93b867f6?s=96&d=mm&r=g","caption":"marek"},"sameAs":["https:\/\/www.baportal.sk\/podnajom"]}]}},"_links":{"self":[{"href":"https:\/\/baportal.sk\/podnajom\/wp-json\/wp\/v2\/posts\/69368"}],"collection":[{"href":"https:\/\/baportal.sk\/podnajom\/wp-json\/wp\/v2\/posts"}],"about":[{"href":"https:\/\/baportal.sk\/podnajom\/wp-json\/wp\/v2\/types\/post"}],"author":[{"embeddable":true,"href":"https:\/\/baportal.sk\/podnajom\/wp-json\/wp\/v2\/users\/1"}],"replies":[{"embeddable":true,"href":"https:\/\/baportal.sk\/podnajom\/wp-json\/wp\/v2\/comments?post=69368"}],"version-history":[{"count":0,"href":"https:\/\/baportal.sk\/podnajom\/wp-json\/wp\/v2\/posts\/69368\/revisions"}],"wp:featuredmedia":[{"embeddable":true,"href":"https:\/\/baportal.sk\/podnajom\/wp-json\/wp\/v2\/media\/69369"}],"wp:attachment":[{"href":"https:\/\/baportal.sk\/podnajom\/wp-json\/wp\/v2\/media?parent=69368"}],"wp:term":[{"taxonomy":"category","embeddable":true,"href":"https:\/\/baportal.sk\/podnajom\/wp-json\/wp\/v2\/categories?post=69368"},{"taxonomy":"post_tag","embeddable":true,"href":"https:\/\/baportal.sk\/podnajom\/wp-json\/wp\/v2\/tags?post=69368"}],"curies":[{"name":"wp","href":"https:\/\/api.w.org\/{rel}","templated":true}]}}