{"id":70340,"date":"2022-05-05T03:01:49","date_gmt":"2022-05-05T01:01:49","guid":{"rendered":"https:\/\/baportal.sk\/podnajom\/in\/70340\/"},"modified":"2022-05-05T03:01:49","modified_gmt":"2022-05-05T01:01:49","slug":"arvin-benet-velkorysy-moderny-byt-s-loggiou-a-parkovacim-miestom","status":"publish","type":"post","link":"https:\/\/baportal.sk\/podnajom\/in\/70340\/","title":{"rendered":"Arvin &amp; Benet | Ve\u013ekorys\u00fd, modern\u00fd byt s\u00a0loggiou a\u00a0parkovac\u00edm miestom"},"content":{"rendered":"<div class=\"text-inner\">\n                                Arvin &amp; Benet pon\u00faka na pren\u00e1jom ve\u013ekorys\u00fd, plne zariaden\u00fd 2i byt s\u00a0loggiou, parkovac\u00edm miestom a\u00a0pivnicou.<\/p>\n<p>Modern\u00fd, \u00fatuln\u00fd, zariaden\u00fd s\u00a0s\u00a0ve\u013ekou d\u00e1vkou vkusu. Ak s\u00fa toto vlastnosti, ktor\u00e9 by Va\u0161e nov\u00e9 b\u00fdvanie malo sp\u013a\u0148a\u0165, tak tento byt je ur\u010den\u00fd pr\u00e1ve pre V\u00e1s. <\/p>\n<p>K\u00a0vy\u0161\u0161ie uveden\u00fdm charakteristik\u00e1m si pridajte nov\u00fa \u0161tvr\u0165, dobr\u00fa lokalitu, v\u00fdborn\u00fa dispoz\u00edciu, kvalitn\u00e9 materi\u00e1ly, pr\u00edjemn\u00fa loggiu, parkovacie miesto. To s\u00fa \u010fal\u0161ie benefity, pre ktor\u00e9 si tento byt iste zamilujete. <\/p>\n<p>Byt:\u2028\u2028<br \/>\nNehnute\u013enos\u0165 sa nach\u00e1dza na 2. nadzemnom podla\u017e\u00ed nov\u00e9ho, ve\u013emi pekne udr\u017eiavan\u00e9ho bytov\u00e9ho domu. Hne\u010f po vstupe V\u00e1s pozit\u00edvne prekvap\u00ed vzdu\u0161nos\u0165 priestoru. <\/p>\n<p>Predsie\u0148 je vybaven\u00e1 ve\u013ek\u00fdmi vstavan\u00fdmi skri\u0148ami na odlo\u017eenie Va\u0161ich vec\u00ed hne\u010f pri vchode. V\u013eavo vstupujete do kr\u00e1snej, nad\u010dasovej k\u00fape\u013ene. Okrem vane v\u00a0nej n\u00e1jdete aj pr\u00e1\u010dku. V\u00a0k\u00fapelni sa tie\u017e myslelo na odkladac\u00ed priestor, ktor\u00fd je vo ve\u013ekej n\u00e1stennej skrini.<\/p>\n<p>\u010ealej v\u013eavo z\u00a0chodby je umiestnen\u00e1 ve\u013ek\u00e1, plne zariaden\u00e1 sp\u00e1l\u0148a. Okrem kvalitnej postele s\u00a0no\u010dn\u00fdmi stol\u00edkmi a komodou, disponuje ve\u013ekou vstavanou skri\u0148ou.<\/p>\n<p>\u010ealej z\u00a0chodby pokra\u010dujeme do centr\u00e1lnej \u010dasti pozost\u00e1vaj\u00facej z\u00a0modernej kuchyne a\u00a0ob\u00fdva\u010dky. Kuchy\u0148a disponuje v\u0161etk\u00fdmi \u0161tandardn\u00fdmi spotrebi\u010dmi a\u00a0jej vybavenie a\u00a0ve\u013ekos\u0165 d\u00e1va v\u0161etky predpoklady  na kvalitn\u00e9 varenie.\t<\/p>\n<p>Ob\u00fdva\u010dka je tie\u017e plne zariaden\u00e1, nech\u00fdba ve\u013ek\u00e1 seda\u010dka, telev\u00edzor a\u00a0\u010di pohodln\u00e9 kreslo.<\/p>\n<p>Ob\u00fdva\u010dka disponuje ve\u013ekoform\u00e1tov\u00fdmi oknami, cez ktor\u00e9 sa vstupuje na pr\u00edjemn\u00fa loggiu ako stvoren\u00fa pre relax a\u00a0oddych.<br \/>\nK\u00a0bytu prisl\u00facha parkovacie miesto priamo pred bytov\u00fdm domom a\u00a0pivnica. <\/p>\n<p>\u2028Lokalita:\u2028\u2028Bytov\u00fd dom sa nach\u00e1dza v\u00a0modernej, novo-vybudovanej lokalite s ob\u010dianskou vybavenos\u0165ou na dosah. Do p\u00e1r min\u00fat od domu n\u00e1jdete potraviny, lek\u00e1re\u0148, kaviare\u0148, \u010di re\u0161taur\u00e1ciu. 10 min\u00fat od bytu sa nach\u00e1dza N\u00e1kupn\u00e9 centrum Bory so v\u0161etk\u00fdmi svojimi slu\u017ebami \u010di nov\u00e1 nemocnica Bory. Zast\u00e1vka MHD a\u00a0tie\u017e vlakov\u00e1 stanica je len na skok od bytov\u00e9ho domu.<\/p>\n<p>Z\u00e1rove\u0148 m\u00e1 nov\u00e1 \u0161tvr\u0165 v\u00fdborn\u00fa polohu priamo pod Mal\u00fdmi Karpatmi, ktor\u00e9 pon\u00fakaj\u00fa mno\u017estvo mo\u017enost\u00ed na turistiku, prech\u00e1dzky, v\u00fdlety \u010di cyklot\u00fary.<\/p>\n<p>Cena: 800 eur \/ mesiac (600 eur byt + 150 eur energie + 50 eur za parkovacie miesto)\u2028<br \/>\nV\u00fdmera: 69 m\u00b2 (interi\u00e9r 63 m\u00b2, loggia 4 m\u00b2, pivnica 2 m\u00b2)\u2028\u2028<\/p>\n<p>Fotografie a text s\u00fa autorsk\u00fdm dielom a majetkom spolo\u010dnosti Arvin &amp; Benet.\u2028\u2028Nehnute\u013enos\u0165 bola naaran\u017eovan\u00e1 a nafoten\u00e1 Homestaging oddelen\u00edm na\u0161ej spolo\u010dnosti, ve\u013emi radi V\u00e1m pom\u00f4\u017eeme pri efekt\u00edvnom a d\u00f4stojnom predaji \u010di pren\u00e1jme aj Va\u0161ej nehnute\u013enosti. Budeme sa te\u0161i\u0165, ke\u010f n\u00e1s budete nez\u00e1v\u00e4zne kontaktova\u0165.                            <\/p><\/div>\n","protected":false},"excerpt":{"rendered":"<p>Arvin &amp; Benet pon\u00faka na pren\u00e1jom ve\u013ekorys\u00fd, plne zariaden\u00fd 2i byt s\u00a0loggiou, parkovac\u00edm miestom a\u00a0pivnicou. Modern\u00fd, \u00fatuln\u00fd, zariaden\u00fd s\u00a0s\u00a0ve\u013ekou d\u00e1vkou vkusu. Ak s\u00fa toto vlastnosti, ktor\u00e9 by Va\u0161e nov\u00e9 b\u00fdvanie malo sp\u013a\u0148a\u0165, tak tento byt je ur\u010den\u00fd pr\u00e1ve pre V\u00e1s. K\u00a0vy\u0161\u0161ie uveden\u00fdm charakteristik\u00e1m si pridajte nov\u00fa \u0161tvr\u0165, dobr\u00fa lokalitu, v\u00fdborn\u00fa dispoz\u00edciu, kvalitn\u00e9 materi\u00e1ly, pr\u00edjemn\u00fa loggiu, [&hellip;]<\/p>\n","protected":false},"author":1,"featured_media":70341,"comment_status":"open","ping_status":"open","sticky":false,"template":"","format":"standard","meta":{"footnotes":""},"categories":[4],"tags":[],"class_list":["post-70340","post","type-post","status-publish","format-standard","has-post-thumbnail","hentry","category-prenajom-bytu"],"yoast_head":"<!-- This site is optimized with the Yoast SEO plugin v23.1 - https:\/\/yoast.com\/wordpress\/plugins\/seo\/ -->\n<title>Arvin &amp; Benet | Ve\u013ekorys\u00fd, modern\u00fd byt s\u00a0loggiou a\u00a0parkovac\u00edm miestom | Podn\u00e1jom - Baportal.sk - Bratislava<\/title>\n<meta name=\"description\" content=\"Arvin &amp; Benet pon\u00faka na pren\u00e1jom ve\u013ekorys\u00fd, plne zariaden\u00fd 2i byt s\u00a0loggiou, parkovac\u00edm miestom a\u00a0pivnicou. Modern\u00fd, \u00fatuln\u00fd, zariaden\u00fd s\u00a0s\u00a0ve\u013ekou\" \/>\n<meta name=\"robots\" content=\"index, follow, max-snippet:-1, max-image-preview:large, max-video-preview:-1\" \/>\n<link rel=\"canonical\" href=\"https:\/\/baportal.sk\/podnajom\/in\/70340\/\" \/>\n<meta property=\"og:locale\" content=\"sk_SK\" \/>\n<meta property=\"og:type\" content=\"article\" \/>\n<meta property=\"og:title\" content=\"Arvin &amp; Benet | Ve\u013ekorys\u00fd, modern\u00fd byt s\u00a0loggiou a\u00a0parkovac\u00edm miestom | Podn\u00e1jom - Baportal.sk - Bratislava\" \/>\n<meta property=\"og:description\" content=\"Arvin &amp; Benet pon\u00faka na pren\u00e1jom ve\u013ekorys\u00fd, plne zariaden\u00fd 2i byt s\u00a0loggiou, parkovac\u00edm miestom a\u00a0pivnicou. Modern\u00fd, \u00fatuln\u00fd, zariaden\u00fd s\u00a0s\u00a0ve\u013ekou\" \/>\n<meta property=\"og:url\" content=\"https:\/\/baportal.sk\/podnajom\/in\/70340\/\" \/>\n<meta property=\"og:site_name\" content=\"Podn\u00e1jom - Baportal.sk - Bratislava\" \/>\n<meta property=\"article:published_time\" content=\"2022-05-05T01:01:49+00:00\" \/>\n<meta name=\"author\" content=\"marek\" \/>\n<meta name=\"twitter:card\" content=\"summary_large_image\" \/>\n<meta name=\"twitter:label1\" content=\"Autor\" \/>\n\t<meta name=\"twitter:data1\" content=\"marek\" \/>\n\t<meta name=\"twitter:label2\" content=\"Predpokladan\u00fd \u010das \u010d\u00edtania\" \/>\n\t<meta name=\"twitter:data2\" content=\"2 min\u00faty\" \/>\n<script type=\"application\/ld+json\" class=\"yoast-schema-graph\">{\"@context\":\"https:\/\/schema.org\",\"@graph\":[{\"@type\":\"WebPage\",\"@id\":\"https:\/\/baportal.sk\/podnajom\/in\/70340\/\",\"url\":\"https:\/\/baportal.sk\/podnajom\/in\/70340\/\",\"name\":\"Arvin &amp; Benet | Ve\u013ekorys\u00fd, modern\u00fd byt s\u00a0loggiou a\u00a0parkovac\u00edm miestom | Podn\u00e1jom - Baportal.sk - Bratislava\",\"isPartOf\":{\"@id\":\"https:\/\/baportal.sk\/podnajom\/#website\"},\"primaryImageOfPage\":{\"@id\":\"https:\/\/baportal.sk\/podnajom\/in\/70340\/#primaryimage\"},\"image\":{\"@id\":\"https:\/\/baportal.sk\/podnajom\/in\/70340\/#primaryimage\"},\"thumbnailUrl\":\"https:\/\/baportal.sk\/podnajom\/wp-content\/uploads\/2023\/10\/Arvin-amp-Benet-Velkorysy-moderny-byt-s-loggiou-a-parkovacim-miestom.jpeg\",\"datePublished\":\"2022-05-05T01:01:49+00:00\",\"dateModified\":\"2022-05-05T01:01:49+00:00\",\"author\":{\"@id\":\"https:\/\/baportal.sk\/podnajom\/#\/schema\/person\/1048c08c599b2e93379d6374549bd168\"},\"description\":\"Arvin &amp; Benet pon\u00faka na pren\u00e1jom ve\u013ekorys\u00fd, plne zariaden\u00fd 2i byt s\u00a0loggiou, parkovac\u00edm miestom a\u00a0pivnicou. Modern\u00fd, \u00fatuln\u00fd, zariaden\u00fd s\u00a0s\u00a0ve\u013ekou\",\"breadcrumb\":{\"@id\":\"https:\/\/baportal.sk\/podnajom\/in\/70340\/#breadcrumb\"},\"inLanguage\":\"sk-SK\",\"potentialAction\":[{\"@type\":\"ReadAction\",\"target\":[\"https:\/\/baportal.sk\/podnajom\/in\/70340\/\"]}]},{\"@type\":\"ImageObject\",\"inLanguage\":\"sk-SK\",\"@id\":\"https:\/\/baportal.sk\/podnajom\/in\/70340\/#primaryimage\",\"url\":\"https:\/\/baportal.sk\/podnajom\/wp-content\/uploads\/2023\/10\/Arvin-amp-Benet-Velkorysy-moderny-byt-s-loggiou-a-parkovacim-miestom.jpeg\",\"contentUrl\":\"https:\/\/baportal.sk\/podnajom\/wp-content\/uploads\/2023\/10\/Arvin-amp-Benet-Velkorysy-moderny-byt-s-loggiou-a-parkovacim-miestom.jpeg\",\"width\":600,\"height\":315},{\"@type\":\"BreadcrumbList\",\"@id\":\"https:\/\/baportal.sk\/podnajom\/in\/70340\/#breadcrumb\",\"itemListElement\":[{\"@type\":\"ListItem\",\"position\":1,\"name\":\"Domovsk\u00e1 str\u00e1nka\",\"item\":\"https:\/\/baportal.sk\/podnajom\/\"},{\"@type\":\"ListItem\",\"position\":2,\"name\":\"Arvin &amp; Benet | Ve\u013ekorys\u00fd, modern\u00fd byt s\u00a0loggiou a\u00a0parkovac\u00edm miestom\"}]},{\"@type\":\"WebSite\",\"@id\":\"https:\/\/baportal.sk\/podnajom\/#website\",\"url\":\"https:\/\/baportal.sk\/podnajom\/\",\"name\":\"Podn\u00e1jom - Baportal.sk - Bratislava\",\"description\":\"\",\"potentialAction\":[{\"@type\":\"SearchAction\",\"target\":{\"@type\":\"EntryPoint\",\"urlTemplate\":\"https:\/\/baportal.sk\/podnajom\/?s={search_term_string}\"},\"query-input\":\"required name=search_term_string\"}],\"inLanguage\":\"sk-SK\"},{\"@type\":\"Person\",\"@id\":\"https:\/\/baportal.sk\/podnajom\/#\/schema\/person\/1048c08c599b2e93379d6374549bd168\",\"name\":\"marek\",\"image\":{\"@type\":\"ImageObject\",\"inLanguage\":\"sk-SK\",\"@id\":\"https:\/\/baportal.sk\/podnajom\/#\/schema\/person\/image\/\",\"url\":\"https:\/\/secure.gravatar.com\/avatar\/cdf0fbd37411d455f1afd87f93b867f6?s=96&d=mm&r=g\",\"contentUrl\":\"https:\/\/secure.gravatar.com\/avatar\/cdf0fbd37411d455f1afd87f93b867f6?s=96&d=mm&r=g\",\"caption\":\"marek\"},\"sameAs\":[\"https:\/\/www.baportal.sk\/podnajom\"]}]}<\/script>\n<!-- \/ Yoast SEO plugin. -->","yoast_head_json":{"title":"Arvin &amp; Benet | Ve\u013ekorys\u00fd, modern\u00fd byt s\u00a0loggiou a\u00a0parkovac\u00edm miestom | Podn\u00e1jom - Baportal.sk - Bratislava","description":"Arvin &amp; Benet pon\u00faka na pren\u00e1jom ve\u013ekorys\u00fd, plne zariaden\u00fd 2i byt s\u00a0loggiou, parkovac\u00edm miestom a\u00a0pivnicou. Modern\u00fd, \u00fatuln\u00fd, zariaden\u00fd s\u00a0s\u00a0ve\u013ekou","robots":{"index":"index","follow":"follow","max-snippet":"max-snippet:-1","max-image-preview":"max-image-preview:large","max-video-preview":"max-video-preview:-1"},"canonical":"https:\/\/baportal.sk\/podnajom\/in\/70340\/","og_locale":"sk_SK","og_type":"article","og_title":"Arvin &amp; Benet | Ve\u013ekorys\u00fd, modern\u00fd byt s\u00a0loggiou a\u00a0parkovac\u00edm miestom | Podn\u00e1jom - Baportal.sk - Bratislava","og_description":"Arvin &amp; Benet pon\u00faka na pren\u00e1jom ve\u013ekorys\u00fd, plne zariaden\u00fd 2i byt s\u00a0loggiou, parkovac\u00edm miestom a\u00a0pivnicou. Modern\u00fd, \u00fatuln\u00fd, zariaden\u00fd s\u00a0s\u00a0ve\u013ekou","og_url":"https:\/\/baportal.sk\/podnajom\/in\/70340\/","og_site_name":"Podn\u00e1jom - Baportal.sk - Bratislava","article_published_time":"2022-05-05T01:01:49+00:00","author":"marek","twitter_card":"summary_large_image","twitter_misc":{"Autor":"marek","Predpokladan\u00fd \u010das \u010d\u00edtania":"2 min\u00faty"},"schema":{"@context":"https:\/\/schema.org","@graph":[{"@type":"WebPage","@id":"https:\/\/baportal.sk\/podnajom\/in\/70340\/","url":"https:\/\/baportal.sk\/podnajom\/in\/70340\/","name":"Arvin &amp; Benet | Ve\u013ekorys\u00fd, modern\u00fd byt s\u00a0loggiou a\u00a0parkovac\u00edm miestom | Podn\u00e1jom - Baportal.sk - Bratislava","isPartOf":{"@id":"https:\/\/baportal.sk\/podnajom\/#website"},"primaryImageOfPage":{"@id":"https:\/\/baportal.sk\/podnajom\/in\/70340\/#primaryimage"},"image":{"@id":"https:\/\/baportal.sk\/podnajom\/in\/70340\/#primaryimage"},"thumbnailUrl":"https:\/\/baportal.sk\/podnajom\/wp-content\/uploads\/2023\/10\/Arvin-amp-Benet-Velkorysy-moderny-byt-s-loggiou-a-parkovacim-miestom.jpeg","datePublished":"2022-05-05T01:01:49+00:00","dateModified":"2022-05-05T01:01:49+00:00","author":{"@id":"https:\/\/baportal.sk\/podnajom\/#\/schema\/person\/1048c08c599b2e93379d6374549bd168"},"description":"Arvin &amp; Benet pon\u00faka na pren\u00e1jom ve\u013ekorys\u00fd, plne zariaden\u00fd 2i byt s\u00a0loggiou, parkovac\u00edm miestom a\u00a0pivnicou. Modern\u00fd, \u00fatuln\u00fd, zariaden\u00fd s\u00a0s\u00a0ve\u013ekou","breadcrumb":{"@id":"https:\/\/baportal.sk\/podnajom\/in\/70340\/#breadcrumb"},"inLanguage":"sk-SK","potentialAction":[{"@type":"ReadAction","target":["https:\/\/baportal.sk\/podnajom\/in\/70340\/"]}]},{"@type":"ImageObject","inLanguage":"sk-SK","@id":"https:\/\/baportal.sk\/podnajom\/in\/70340\/#primaryimage","url":"https:\/\/baportal.sk\/podnajom\/wp-content\/uploads\/2023\/10\/Arvin-amp-Benet-Velkorysy-moderny-byt-s-loggiou-a-parkovacim-miestom.jpeg","contentUrl":"https:\/\/baportal.sk\/podnajom\/wp-content\/uploads\/2023\/10\/Arvin-amp-Benet-Velkorysy-moderny-byt-s-loggiou-a-parkovacim-miestom.jpeg","width":600,"height":315},{"@type":"BreadcrumbList","@id":"https:\/\/baportal.sk\/podnajom\/in\/70340\/#breadcrumb","itemListElement":[{"@type":"ListItem","position":1,"name":"Domovsk\u00e1 str\u00e1nka","item":"https:\/\/baportal.sk\/podnajom\/"},{"@type":"ListItem","position":2,"name":"Arvin &amp; Benet | Ve\u013ekorys\u00fd, modern\u00fd byt s\u00a0loggiou a\u00a0parkovac\u00edm miestom"}]},{"@type":"WebSite","@id":"https:\/\/baportal.sk\/podnajom\/#website","url":"https:\/\/baportal.sk\/podnajom\/","name":"Podn\u00e1jom - Baportal.sk - Bratislava","description":"","potentialAction":[{"@type":"SearchAction","target":{"@type":"EntryPoint","urlTemplate":"https:\/\/baportal.sk\/podnajom\/?s={search_term_string}"},"query-input":"required name=search_term_string"}],"inLanguage":"sk-SK"},{"@type":"Person","@id":"https:\/\/baportal.sk\/podnajom\/#\/schema\/person\/1048c08c599b2e93379d6374549bd168","name":"marek","image":{"@type":"ImageObject","inLanguage":"sk-SK","@id":"https:\/\/baportal.sk\/podnajom\/#\/schema\/person\/image\/","url":"https:\/\/secure.gravatar.com\/avatar\/cdf0fbd37411d455f1afd87f93b867f6?s=96&d=mm&r=g","contentUrl":"https:\/\/secure.gravatar.com\/avatar\/cdf0fbd37411d455f1afd87f93b867f6?s=96&d=mm&r=g","caption":"marek"},"sameAs":["https:\/\/www.baportal.sk\/podnajom"]}]}},"_links":{"self":[{"href":"https:\/\/baportal.sk\/podnajom\/wp-json\/wp\/v2\/posts\/70340"}],"collection":[{"href":"https:\/\/baportal.sk\/podnajom\/wp-json\/wp\/v2\/posts"}],"about":[{"href":"https:\/\/baportal.sk\/podnajom\/wp-json\/wp\/v2\/types\/post"}],"author":[{"embeddable":true,"href":"https:\/\/baportal.sk\/podnajom\/wp-json\/wp\/v2\/users\/1"}],"replies":[{"embeddable":true,"href":"https:\/\/baportal.sk\/podnajom\/wp-json\/wp\/v2\/comments?post=70340"}],"version-history":[{"count":0,"href":"https:\/\/baportal.sk\/podnajom\/wp-json\/wp\/v2\/posts\/70340\/revisions"}],"wp:featuredmedia":[{"embeddable":true,"href":"https:\/\/baportal.sk\/podnajom\/wp-json\/wp\/v2\/media\/70341"}],"wp:attachment":[{"href":"https:\/\/baportal.sk\/podnajom\/wp-json\/wp\/v2\/media?parent=70340"}],"wp:term":[{"taxonomy":"category","embeddable":true,"href":"https:\/\/baportal.sk\/podnajom\/wp-json\/wp\/v2\/categories?post=70340"},{"taxonomy":"post_tag","embeddable":true,"href":"https:\/\/baportal.sk\/podnajom\/wp-json\/wp\/v2\/tags?post=70340"}],"curies":[{"name":"wp","href":"https:\/\/api.w.org\/{rel}","templated":true}]}}