{"id":72192,"date":"2022-05-05T03:01:49","date_gmt":"2022-05-05T01:01:49","guid":{"rendered":"https:\/\/baportal.sk\/podnajom\/in\/72192\/"},"modified":"2022-05-05T03:01:49","modified_gmt":"2022-05-05T01:01:49","slug":"bosen-prenajom-2-izbovy-byt-s-parkovacim-statim-a-kobkou-rinok-raca-64-m2","status":"publish","type":"post","link":"https:\/\/baportal.sk\/podnajom\/in\/72192\/","title":{"rendered":"BOSEN | Pren\u00e1jom 2 izbov\u00fd byt s parkovac\u00edm st\u00e1t\u00edm a kobkou, R\u00cdNOK RA\u010cA, 64 m2"},"content":{"rendered":"<div class=\"text-inner\">\n                                Bosen Group pon\u00faka na pren\u00e1jom 2 izbov\u00fd byt s parkovac\u00edm st\u00e1t\u00edm a kobkou v projekte R\u00cdNOK RA\u010cA, ul. Franti\u0161ka Kubu, BA - Ra\u010da.<\/p>\n<p>BYT: V\u00fdmera bytu je 56,34 m2 + balk\u00f3n o v\u00fdmere 5,29 m2 a pivnica na pr\u00edzem\u00ed bytov\u00e9ho domu s v\u00fdmerou 2,29 m2. Byt sa nach\u00e1dza v novostavbe z roku 2023 s v\u00fd\u0165ahom a je situovan\u00fd na 3. poschod\u00ed. <\/p>\n<p>DISPOZ\u00cdCIA: Vstupn\u00fdmi dverami sa vch\u00e1dza do predsiene, kde je priestor na \u0161atn\u00edkov\u00fa skri\u0148u a vstup do k\u00fape\u013ene s klasickou va\u0148ou a do samostatnej toalety s um\u00fdvadlom. Z predsiene sa \u010falej dostanete do priestrannej sp\u00e1lne a \u010falej do kuchyne s komorou spojenej s ob\u00fdvacou izbou, kde je vstup na zasklen\u00fd balk\u00f3n. Spolu s bytom sa prenaj\u00edma aj pivni\u010dn\u00e1 kobka na pr\u00edzem\u00ed bytov\u00e9ho domu.<\/p>\n<p>ZARIADENIE: Byt sa prenaj\u00edma nezariaden\u00fd. K dispoz\u00edcii je kuchynsk\u00e1 linka so vstavan\u00fdmi spotrebi\u010dmi \/elektrick\u00e1 r\u00fara, varn\u00e1 doska, digestor\/.<\/p>\n<p>PARKOVANIE: V cene pren\u00e1jmu je parkovacie miesto v gar\u00e1\u017ei.<\/p>\n<p>LOKALITA: Nehnute\u013enos\u0165 sa nach\u00e1dza v novom projekte R\u00cdNOK RA\u010cA, ktor\u00fd zabezpe\u010duje v\u00fdborn\u00fa ob\u010diansku vybavenos\u0165. Nach\u00e1dza sa tu novootvoren\u00e9 TESCO, DM Drogerie, \u0160EVT ako aj matersk\u00e1 \u0161kola, banka, obchody, \u0161portovisk\u00e1, zelen\u00e9 plochy na oddych. V\u00fdborn\u00e1 dostupnos\u0165 do centra mesta autom alebo elektri\u010dkou, v okol\u00ed n\u00e1kupn\u00e9 stredisko, Kaufland ako aj fitness centrum, po\u0161ta \u010di k\u00fapalisko. Pre akt\u00edvny oddych je vy\u017eitie v bl\u00edzkosti pr\u00edrody Mal\u00fdch Karp\u00e1t s v\u00fdh\u013eadom na vinice ako aj cyklotrasy.<\/p>\n<p>Cena: 750 \u20ac\/mesiac vr\u00e1tane energi\u00ed + depozit vo v\u00fd\u0161ke 750 \u20ac + prov\u00edzia pre RK v sume 375 \u20ac<\/p>\n<p>Byt je vo\u013en\u00fd IHNE\u010e.<\/p>\n<p>VIRTU\u00c1LNA PREHLIADKA: https:\/\/my.matterport.com\/show\/?m=5Y72uRty35p<\/p>\n<p>Realitn\u00e1 kancel\u00e1ria Bosen Group je \u010dlenom Realitnej \u00fanie SR a riadi sa jej Realitn\u00fdm k\u00f3dexom, poskytuje pr\u00e1vny servis zabezpe\u010dovan\u00fd advok\u00e1tskou kancel\u00e1riou a poradenstvo pri pren\u00e1jme nehnute\u013enosti.                            <\/p><\/div>\n","protected":false},"excerpt":{"rendered":"<p>Bosen Group pon\u00faka na pren\u00e1jom 2 izbov\u00fd byt s parkovac\u00edm st\u00e1t\u00edm a kobkou v projekte R\u00cdNOK RA\u010cA, ul. Franti\u0161ka Kubu, BA - Ra\u010da. BYT: V\u00fdmera bytu je 56,34 m2 + balk\u00f3n o v\u00fdmere 5,29 m2 a pivnica na pr\u00edzem\u00ed bytov\u00e9ho domu s v\u00fdmerou 2,29 m2. Byt sa nach\u00e1dza v novostavbe z roku 2023 s v\u00fd\u0165ahom [&hellip;]<\/p>\n","protected":false},"author":1,"featured_media":72193,"comment_status":"open","ping_status":"open","sticky":false,"template":"","format":"standard","meta":{"footnotes":""},"categories":[4],"tags":[],"class_list":["post-72192","post","type-post","status-publish","format-standard","has-post-thumbnail","hentry","category-prenajom-bytu"],"yoast_head":"<!-- This site is optimized with the Yoast SEO plugin v23.1 - https:\/\/yoast.com\/wordpress\/plugins\/seo\/ -->\n<title>BOSEN | Pren\u00e1jom 2 izbov\u00fd byt s parkovac\u00edm st\u00e1t\u00edm a kobkou, R\u00cdNOK RA\u010cA, 64 m2 | Podn\u00e1jom - Baportal.sk - Bratislava<\/title>\n<meta name=\"description\" content=\"Bosen Group pon\u00faka na pren\u00e1jom 2 izbov\u00fd byt s parkovac\u00edm st\u00e1t\u00edm a kobkou v projekte R\u00cdNOK RA\u010cA, ul. Franti\u0161ka Kubu, BA - Ra\u010da. BYT: V\u00fdmera bytu je 56,34\" \/>\n<meta name=\"robots\" content=\"index, follow, max-snippet:-1, max-image-preview:large, max-video-preview:-1\" \/>\n<link rel=\"canonical\" href=\"https:\/\/baportal.sk\/podnajom\/in\/72192\/\" \/>\n<meta property=\"og:locale\" content=\"sk_SK\" \/>\n<meta property=\"og:type\" content=\"article\" \/>\n<meta property=\"og:title\" content=\"BOSEN | Pren\u00e1jom 2 izbov\u00fd byt s parkovac\u00edm st\u00e1t\u00edm a kobkou, R\u00cdNOK RA\u010cA, 64 m2 | Podn\u00e1jom - Baportal.sk - Bratislava\" \/>\n<meta property=\"og:description\" content=\"Bosen Group pon\u00faka na pren\u00e1jom 2 izbov\u00fd byt s parkovac\u00edm st\u00e1t\u00edm a kobkou v projekte R\u00cdNOK RA\u010cA, ul. Franti\u0161ka Kubu, BA - Ra\u010da. BYT: V\u00fdmera bytu je 56,34\" \/>\n<meta property=\"og:url\" content=\"https:\/\/baportal.sk\/podnajom\/in\/72192\/\" \/>\n<meta property=\"og:site_name\" content=\"Podn\u00e1jom - Baportal.sk - Bratislava\" \/>\n<meta property=\"article:published_time\" content=\"2022-05-05T01:01:49+00:00\" \/>\n<meta name=\"author\" content=\"marek\" \/>\n<meta name=\"twitter:card\" content=\"summary_large_image\" \/>\n<meta name=\"twitter:label1\" content=\"Autor\" \/>\n\t<meta name=\"twitter:data1\" content=\"marek\" \/>\n\t<meta name=\"twitter:label2\" content=\"Predpokladan\u00fd \u010das \u010d\u00edtania\" \/>\n\t<meta name=\"twitter:data2\" content=\"2 min\u00faty\" \/>\n<script type=\"application\/ld+json\" class=\"yoast-schema-graph\">{\"@context\":\"https:\/\/schema.org\",\"@graph\":[{\"@type\":\"WebPage\",\"@id\":\"https:\/\/baportal.sk\/podnajom\/in\/72192\/\",\"url\":\"https:\/\/baportal.sk\/podnajom\/in\/72192\/\",\"name\":\"BOSEN | Pren\u00e1jom 2 izbov\u00fd byt s parkovac\u00edm st\u00e1t\u00edm a kobkou, R\u00cdNOK RA\u010cA, 64 m2 | Podn\u00e1jom - Baportal.sk - Bratislava\",\"isPartOf\":{\"@id\":\"https:\/\/baportal.sk\/podnajom\/#website\"},\"primaryImageOfPage\":{\"@id\":\"https:\/\/baportal.sk\/podnajom\/in\/72192\/#primaryimage\"},\"image\":{\"@id\":\"https:\/\/baportal.sk\/podnajom\/in\/72192\/#primaryimage\"},\"thumbnailUrl\":\"https:\/\/baportal.sk\/podnajom\/wp-content\/uploads\/2023\/11\/BOSEN-Prenajom-2-izbovy-byt-s-parkovacim-statim-a.jpeg\",\"datePublished\":\"2022-05-05T01:01:49+00:00\",\"dateModified\":\"2022-05-05T01:01:49+00:00\",\"author\":{\"@id\":\"https:\/\/baportal.sk\/podnajom\/#\/schema\/person\/1048c08c599b2e93379d6374549bd168\"},\"description\":\"Bosen Group pon\u00faka na pren\u00e1jom 2 izbov\u00fd byt s parkovac\u00edm st\u00e1t\u00edm a kobkou v projekte R\u00cdNOK RA\u010cA, ul. Franti\u0161ka Kubu, BA - Ra\u010da. BYT: V\u00fdmera bytu je 56,34\",\"breadcrumb\":{\"@id\":\"https:\/\/baportal.sk\/podnajom\/in\/72192\/#breadcrumb\"},\"inLanguage\":\"sk-SK\",\"potentialAction\":[{\"@type\":\"ReadAction\",\"target\":[\"https:\/\/baportal.sk\/podnajom\/in\/72192\/\"]}]},{\"@type\":\"ImageObject\",\"inLanguage\":\"sk-SK\",\"@id\":\"https:\/\/baportal.sk\/podnajom\/in\/72192\/#primaryimage\",\"url\":\"https:\/\/baportal.sk\/podnajom\/wp-content\/uploads\/2023\/11\/BOSEN-Prenajom-2-izbovy-byt-s-parkovacim-statim-a.jpeg\",\"contentUrl\":\"https:\/\/baportal.sk\/podnajom\/wp-content\/uploads\/2023\/11\/BOSEN-Prenajom-2-izbovy-byt-s-parkovacim-statim-a.jpeg\",\"width\":600,\"height\":315},{\"@type\":\"BreadcrumbList\",\"@id\":\"https:\/\/baportal.sk\/podnajom\/in\/72192\/#breadcrumb\",\"itemListElement\":[{\"@type\":\"ListItem\",\"position\":1,\"name\":\"Domovsk\u00e1 str\u00e1nka\",\"item\":\"https:\/\/baportal.sk\/podnajom\/\"},{\"@type\":\"ListItem\",\"position\":2,\"name\":\"BOSEN | Pren\u00e1jom 2 izbov\u00fd byt s parkovac\u00edm st\u00e1t\u00edm a kobkou, R\u00cdNOK RA\u010cA, 64 m2\"}]},{\"@type\":\"WebSite\",\"@id\":\"https:\/\/baportal.sk\/podnajom\/#website\",\"url\":\"https:\/\/baportal.sk\/podnajom\/\",\"name\":\"Podn\u00e1jom - Baportal.sk - Bratislava\",\"description\":\"\",\"potentialAction\":[{\"@type\":\"SearchAction\",\"target\":{\"@type\":\"EntryPoint\",\"urlTemplate\":\"https:\/\/baportal.sk\/podnajom\/?s={search_term_string}\"},\"query-input\":\"required name=search_term_string\"}],\"inLanguage\":\"sk-SK\"},{\"@type\":\"Person\",\"@id\":\"https:\/\/baportal.sk\/podnajom\/#\/schema\/person\/1048c08c599b2e93379d6374549bd168\",\"name\":\"marek\",\"image\":{\"@type\":\"ImageObject\",\"inLanguage\":\"sk-SK\",\"@id\":\"https:\/\/baportal.sk\/podnajom\/#\/schema\/person\/image\/\",\"url\":\"https:\/\/secure.gravatar.com\/avatar\/cdf0fbd37411d455f1afd87f93b867f6?s=96&d=mm&r=g\",\"contentUrl\":\"https:\/\/secure.gravatar.com\/avatar\/cdf0fbd37411d455f1afd87f93b867f6?s=96&d=mm&r=g\",\"caption\":\"marek\"},\"sameAs\":[\"https:\/\/www.baportal.sk\/podnajom\"]}]}<\/script>\n<!-- \/ Yoast SEO plugin. -->","yoast_head_json":{"title":"BOSEN | Pren\u00e1jom 2 izbov\u00fd byt s parkovac\u00edm st\u00e1t\u00edm a kobkou, R\u00cdNOK RA\u010cA, 64 m2 | Podn\u00e1jom - Baportal.sk - Bratislava","description":"Bosen Group pon\u00faka na pren\u00e1jom 2 izbov\u00fd byt s parkovac\u00edm st\u00e1t\u00edm a kobkou v projekte R\u00cdNOK RA\u010cA, ul. Franti\u0161ka Kubu, BA - Ra\u010da. BYT: V\u00fdmera bytu je 56,34","robots":{"index":"index","follow":"follow","max-snippet":"max-snippet:-1","max-image-preview":"max-image-preview:large","max-video-preview":"max-video-preview:-1"},"canonical":"https:\/\/baportal.sk\/podnajom\/in\/72192\/","og_locale":"sk_SK","og_type":"article","og_title":"BOSEN | Pren\u00e1jom 2 izbov\u00fd byt s parkovac\u00edm st\u00e1t\u00edm a kobkou, R\u00cdNOK RA\u010cA, 64 m2 | Podn\u00e1jom - Baportal.sk - Bratislava","og_description":"Bosen Group pon\u00faka na pren\u00e1jom 2 izbov\u00fd byt s parkovac\u00edm st\u00e1t\u00edm a kobkou v projekte R\u00cdNOK RA\u010cA, ul. Franti\u0161ka Kubu, BA - Ra\u010da. BYT: V\u00fdmera bytu je 56,34","og_url":"https:\/\/baportal.sk\/podnajom\/in\/72192\/","og_site_name":"Podn\u00e1jom - Baportal.sk - Bratislava","article_published_time":"2022-05-05T01:01:49+00:00","author":"marek","twitter_card":"summary_large_image","twitter_misc":{"Autor":"marek","Predpokladan\u00fd \u010das \u010d\u00edtania":"2 min\u00faty"},"schema":{"@context":"https:\/\/schema.org","@graph":[{"@type":"WebPage","@id":"https:\/\/baportal.sk\/podnajom\/in\/72192\/","url":"https:\/\/baportal.sk\/podnajom\/in\/72192\/","name":"BOSEN | Pren\u00e1jom 2 izbov\u00fd byt s parkovac\u00edm st\u00e1t\u00edm a kobkou, R\u00cdNOK RA\u010cA, 64 m2 | Podn\u00e1jom - Baportal.sk - Bratislava","isPartOf":{"@id":"https:\/\/baportal.sk\/podnajom\/#website"},"primaryImageOfPage":{"@id":"https:\/\/baportal.sk\/podnajom\/in\/72192\/#primaryimage"},"image":{"@id":"https:\/\/baportal.sk\/podnajom\/in\/72192\/#primaryimage"},"thumbnailUrl":"https:\/\/baportal.sk\/podnajom\/wp-content\/uploads\/2023\/11\/BOSEN-Prenajom-2-izbovy-byt-s-parkovacim-statim-a.jpeg","datePublished":"2022-05-05T01:01:49+00:00","dateModified":"2022-05-05T01:01:49+00:00","author":{"@id":"https:\/\/baportal.sk\/podnajom\/#\/schema\/person\/1048c08c599b2e93379d6374549bd168"},"description":"Bosen Group pon\u00faka na pren\u00e1jom 2 izbov\u00fd byt s parkovac\u00edm st\u00e1t\u00edm a kobkou v projekte R\u00cdNOK RA\u010cA, ul. Franti\u0161ka Kubu, BA - Ra\u010da. BYT: V\u00fdmera bytu je 56,34","breadcrumb":{"@id":"https:\/\/baportal.sk\/podnajom\/in\/72192\/#breadcrumb"},"inLanguage":"sk-SK","potentialAction":[{"@type":"ReadAction","target":["https:\/\/baportal.sk\/podnajom\/in\/72192\/"]}]},{"@type":"ImageObject","inLanguage":"sk-SK","@id":"https:\/\/baportal.sk\/podnajom\/in\/72192\/#primaryimage","url":"https:\/\/baportal.sk\/podnajom\/wp-content\/uploads\/2023\/11\/BOSEN-Prenajom-2-izbovy-byt-s-parkovacim-statim-a.jpeg","contentUrl":"https:\/\/baportal.sk\/podnajom\/wp-content\/uploads\/2023\/11\/BOSEN-Prenajom-2-izbovy-byt-s-parkovacim-statim-a.jpeg","width":600,"height":315},{"@type":"BreadcrumbList","@id":"https:\/\/baportal.sk\/podnajom\/in\/72192\/#breadcrumb","itemListElement":[{"@type":"ListItem","position":1,"name":"Domovsk\u00e1 str\u00e1nka","item":"https:\/\/baportal.sk\/podnajom\/"},{"@type":"ListItem","position":2,"name":"BOSEN | Pren\u00e1jom 2 izbov\u00fd byt s parkovac\u00edm st\u00e1t\u00edm a kobkou, R\u00cdNOK RA\u010cA, 64 m2"}]},{"@type":"WebSite","@id":"https:\/\/baportal.sk\/podnajom\/#website","url":"https:\/\/baportal.sk\/podnajom\/","name":"Podn\u00e1jom - Baportal.sk - Bratislava","description":"","potentialAction":[{"@type":"SearchAction","target":{"@type":"EntryPoint","urlTemplate":"https:\/\/baportal.sk\/podnajom\/?s={search_term_string}"},"query-input":"required name=search_term_string"}],"inLanguage":"sk-SK"},{"@type":"Person","@id":"https:\/\/baportal.sk\/podnajom\/#\/schema\/person\/1048c08c599b2e93379d6374549bd168","name":"marek","image":{"@type":"ImageObject","inLanguage":"sk-SK","@id":"https:\/\/baportal.sk\/podnajom\/#\/schema\/person\/image\/","url":"https:\/\/secure.gravatar.com\/avatar\/cdf0fbd37411d455f1afd87f93b867f6?s=96&d=mm&r=g","contentUrl":"https:\/\/secure.gravatar.com\/avatar\/cdf0fbd37411d455f1afd87f93b867f6?s=96&d=mm&r=g","caption":"marek"},"sameAs":["https:\/\/www.baportal.sk\/podnajom"]}]}},"_links":{"self":[{"href":"https:\/\/baportal.sk\/podnajom\/wp-json\/wp\/v2\/posts\/72192"}],"collection":[{"href":"https:\/\/baportal.sk\/podnajom\/wp-json\/wp\/v2\/posts"}],"about":[{"href":"https:\/\/baportal.sk\/podnajom\/wp-json\/wp\/v2\/types\/post"}],"author":[{"embeddable":true,"href":"https:\/\/baportal.sk\/podnajom\/wp-json\/wp\/v2\/users\/1"}],"replies":[{"embeddable":true,"href":"https:\/\/baportal.sk\/podnajom\/wp-json\/wp\/v2\/comments?post=72192"}],"version-history":[{"count":0,"href":"https:\/\/baportal.sk\/podnajom\/wp-json\/wp\/v2\/posts\/72192\/revisions"}],"wp:featuredmedia":[{"embeddable":true,"href":"https:\/\/baportal.sk\/podnajom\/wp-json\/wp\/v2\/media\/72193"}],"wp:attachment":[{"href":"https:\/\/baportal.sk\/podnajom\/wp-json\/wp\/v2\/media?parent=72192"}],"wp:term":[{"taxonomy":"category","embeddable":true,"href":"https:\/\/baportal.sk\/podnajom\/wp-json\/wp\/v2\/categories?post=72192"},{"taxonomy":"post_tag","embeddable":true,"href":"https:\/\/baportal.sk\/podnajom\/wp-json\/wp\/v2\/tags?post=72192"}],"curies":[{"name":"wp","href":"https:\/\/api.w.org\/{rel}","templated":true}]}}