{"id":72562,"date":"2022-05-05T03:01:49","date_gmt":"2022-05-05T01:01:49","guid":{"rendered":"https:\/\/baportal.sk\/podnajom\/in\/72562\/"},"modified":"2022-05-05T03:01:49","modified_gmt":"2022-05-05T01:01:49","slug":"velmi-pekny-zariadeny-2-izbovy-byt-medvedova","status":"publish","type":"post","link":"https:\/\/baportal.sk\/podnajom\/in\/72562\/","title":{"rendered":"VE\u013dMI PEKN\u00dd, ZARIADEN\u00dd 2 IZBOV\u00dd BYT, MEDVE\u010eOV\u00c1"},"content":{"rendered":"<div class=\"text-inner\">\n                                Pon\u00fakame V\u00e1m na pren\u00e1jom mestsk\u00fd, zrekon\u0161truovan\u00fd 2-izbov\u00fd byt v Petr\u017ealke, \u010das\u0165 H\u00e1je 3. T\u00e1to lokalita V\u00e1m pon\u00faka modern\u00e9 a pokojn\u00e9 b\u00fdvanie s bezprobl\u00e9mov\u00fdm cestovan\u00edm do centra mesta 5 min\u00fat, ako aj napojen\u00edm na mestsk\u00fd obchvat a tesn\u00e1 bl\u00edzkos\u0165 Ekonomickej univerzity.<\/p>\n<p>Byt je po kompletnej rekon\u0161trukcii a nach\u00e1dza sa na 7. poschod\u00ed z celkovo 8, v panel\u00e1kovom bytovom dome s pekn\u00fdmi a priestrann\u00fdmi spolo\u010dn\u00fdmi priestormi a v\u00fd\u0165ahom. Byt m\u00e1 v\u00fdmeru 53 m2.<\/p>\n<p>Interi\u00e9r je kr\u00e1sne presvetlen\u00fd, slne\u010dn\u00fd a kompletne zariaden\u00fd n\u00e1bytkom v modernom svetlom \u0161t\u00fdle.<br \/>\nByt pozost\u00e1va zo vstupnej \u010dasti so \u0161atn\u00edkovou zostavou a ve\u013ekou vstavanou skri\u0148ou, samostatnej ob\u00fdva\u010dky, samostatnej kuchyne so vstavan\u00fdmi spotrebi\u010dmi a jed\u00e1lensk\u00e9ho stola pre dve osoby. <br \/>\nV byte je tie\u017e samostatn\u00e1 sp\u00e1l\u0148a s man\u017eelskou poste\u013eou \u0161irokou 180cm a dostatkom vstavan\u00fdch \u00falo\u017en\u00fdch priestorov a pracovn\u00fdm stol\u00edkom. V k\u00fape\u013eni sa nach\u00e1dza priestrann\u00fd mas\u00e1\u017eny sprchov\u00fd k\u00fat, toaleta, um\u00fdvadlo. Samostatn\u00e1 toaleta.<\/p>\n<p>Byt m\u00e1 v\u00fdborn\u00e9 dispozi\u010dn\u00e9 rie\u0161enie, je orientovan\u00fd na v\u00fdchod a je ve\u013emi dobre presvetlen\u00fd dopolud\u0148aj\u0161\u00edm slnkom. Na okn\u00e1ch s\u00fa interi\u00e9rov\u00e9 \u017eal\u00fazie.<\/p>\n<p>Byt je vhodn\u00fd pre p\u00e1r, pr\u00edpadne dve osoby, nako\u013eko dispozi\u010dne pozost\u00e1va z dvoch samostatn\u00fdch nepriechodz\u00edch miestnost\u00ed.<\/p>\n<p>INFORM\u00c1CIE O BYTE:<br \/>\n2-izbov\u00fd byt so zdie\u013eanou lod\u017eiou a samostatnou kuchy\u0148ou<br \/>\npodlahov\u00e1 plocha bytu: 53 m2<br \/>\norient\u00e1cia bytu: v\u00fdchod<br \/>\nbyt pozost\u00e1va zo samostatnej kuchyne, ob\u00fdvacej izby a samostatnej sp\u00e1lne<br \/>\nk\u00fapel\u0148a a samostatn\u00e1 toaleta<br \/>\nk dispoz\u00edcii je aj pivnica na pr\u00edzem\u00ed domu<\/p>\n<p>LOKALITA:<br \/>\nVa\u0161e nov\u00e9 b\u00fdvanie je v tesnom spojen\u00ed s mestom a z\u00e1rove\u0148 bl\u00edzko pr\u00edrody, dostupnos\u0165 MHD na p\u00e1r krokov ako aj kompletn\u00e1 ob\u010dianska vybavenos\u0165. Priamo pred domom vedie cyklocesta a mestsk\u00e1 rekrea\u010dn\u00e1 hr\u00e1dza.<\/p>\n<p>V\u00ddHODY:<br \/>\nzrekon\u0161truovan\u00fd, zatia\u013e neob\u00fdvan\u00fd a kompletne zariaden\u00fd byt<br \/>\nv\u00fdborn\u00e1 lokalita s jednoduchou dostupnos\u0165ou do mesta<\/p>\n<p>CENA:<br \/>\nPren\u00e1jom byt: 530 Eur<br \/>\nEnergie: 150 Eur<br \/>\nSpolu: 680 Eur <\/p>\n<p>Na za\u010diatku n\u00e1jmu je potrebn\u00e9 uhradi\u0165: deposit vo v\u00fd\u0161ke 680 eur, prv\u00fd n\u00e1jom 680 Eur, prov\u00edziu vo v\u00fd\u0161ke jedn\u00e9ho mesa\u010dn\u00e9ho n\u00e1jmu 680 eur.<\/p>\n<p>Byt je k dispoz\u00edcii od 01.01.2024. Na z\u00e1klade vz\u00e1jomnej dohody je mo\u017en\u00e9 byt u\u017e\u00edva\u0165 cca od 20.12.2023.<\/p>\n<p>Kontakt: Mgr.\u00a0Peter \u0160ucht\u00e1r, peter@psko.sk, telef\u00f3n: 0904 418 588<br \/>\nRealitn\u00e9 kancel\u00e1rie pros\u00edm nevola\u0165.                            <\/div>\n","protected":false},"excerpt":{"rendered":"<p>Pon\u00fakame V\u00e1m na pren\u00e1jom mestsk\u00fd, zrekon\u0161truovan\u00fd 2-izbov\u00fd byt v Petr\u017ealke, \u010das\u0165 H\u00e1je 3. T\u00e1to lokalita V\u00e1m pon\u00faka modern\u00e9 a pokojn\u00e9 b\u00fdvanie s bezprobl\u00e9mov\u00fdm cestovan\u00edm do centra mesta 5 min\u00fat, ako aj napojen\u00edm na mestsk\u00fd obchvat a tesn\u00e1 bl\u00edzkos\u0165 Ekonomickej univerzity. Byt je po kompletnej rekon\u0161trukcii a nach\u00e1dza sa na 7. poschod\u00ed z celkovo 8, v [&hellip;]<\/p>\n","protected":false},"author":1,"featured_media":72563,"comment_status":"open","ping_status":"open","sticky":false,"template":"","format":"standard","meta":{"footnotes":""},"categories":[4],"tags":[],"class_list":["post-72562","post","type-post","status-publish","format-standard","has-post-thumbnail","hentry","category-prenajom-bytu"],"yoast_head":"<!-- This site is optimized with the Yoast SEO plugin v23.1 - https:\/\/yoast.com\/wordpress\/plugins\/seo\/ -->\n<title>VE\u013dMI PEKN\u00dd, ZARIADEN\u00dd 2 IZBOV\u00dd BYT, MEDVE\u010eOV\u00c1 | Podn\u00e1jom - Baportal.sk - Bratislava<\/title>\n<meta name=\"description\" content=\"Pon\u00fakame V\u00e1m na pren\u00e1jom mestsk\u00fd, zrekon\u0161truovan\u00fd 2-izbov\u00fd byt v Petr\u017ealke, \u010das\u0165 H\u00e1je 3. T\u00e1to lokalita V\u00e1m pon\u00faka modern\u00e9 a pokojn\u00e9 b\u00fdvanie s\" \/>\n<meta name=\"robots\" content=\"index, follow, max-snippet:-1, max-image-preview:large, max-video-preview:-1\" \/>\n<link rel=\"canonical\" href=\"https:\/\/baportal.sk\/podnajom\/in\/72562\/\" \/>\n<meta property=\"og:locale\" content=\"sk_SK\" \/>\n<meta property=\"og:type\" content=\"article\" \/>\n<meta property=\"og:title\" content=\"VE\u013dMI PEKN\u00dd, ZARIADEN\u00dd 2 IZBOV\u00dd BYT, MEDVE\u010eOV\u00c1 | Podn\u00e1jom - Baportal.sk - Bratislava\" \/>\n<meta property=\"og:description\" content=\"Pon\u00fakame V\u00e1m na pren\u00e1jom mestsk\u00fd, zrekon\u0161truovan\u00fd 2-izbov\u00fd byt v Petr\u017ealke, \u010das\u0165 H\u00e1je 3. T\u00e1to lokalita V\u00e1m pon\u00faka modern\u00e9 a pokojn\u00e9 b\u00fdvanie s\" \/>\n<meta property=\"og:url\" content=\"https:\/\/baportal.sk\/podnajom\/in\/72562\/\" \/>\n<meta property=\"og:site_name\" content=\"Podn\u00e1jom - Baportal.sk - Bratislava\" \/>\n<meta property=\"article:published_time\" content=\"2022-05-05T01:01:49+00:00\" \/>\n<meta name=\"author\" content=\"marek\" \/>\n<meta name=\"twitter:card\" content=\"summary_large_image\" \/>\n<meta name=\"twitter:label1\" content=\"Autor\" \/>\n\t<meta name=\"twitter:data1\" content=\"marek\" \/>\n\t<meta name=\"twitter:label2\" content=\"Predpokladan\u00fd \u010das \u010d\u00edtania\" \/>\n\t<meta name=\"twitter:data2\" content=\"2 min\u00faty\" \/>\n<script type=\"application\/ld+json\" class=\"yoast-schema-graph\">{\"@context\":\"https:\/\/schema.org\",\"@graph\":[{\"@type\":\"WebPage\",\"@id\":\"https:\/\/baportal.sk\/podnajom\/in\/72562\/\",\"url\":\"https:\/\/baportal.sk\/podnajom\/in\/72562\/\",\"name\":\"VE\u013dMI PEKN\u00dd, ZARIADEN\u00dd 2 IZBOV\u00dd BYT, MEDVE\u010eOV\u00c1 | Podn\u00e1jom - Baportal.sk - Bratislava\",\"isPartOf\":{\"@id\":\"https:\/\/baportal.sk\/podnajom\/#website\"},\"primaryImageOfPage\":{\"@id\":\"https:\/\/baportal.sk\/podnajom\/in\/72562\/#primaryimage\"},\"image\":{\"@id\":\"https:\/\/baportal.sk\/podnajom\/in\/72562\/#primaryimage\"},\"thumbnailUrl\":\"https:\/\/baportal.sk\/podnajom\/wp-content\/uploads\/2023\/12\/VELMI-PEKNY-ZARIADENY-2-IZBOVY-BYT-MEDVEDOVA.jpeg\",\"datePublished\":\"2022-05-05T01:01:49+00:00\",\"dateModified\":\"2022-05-05T01:01:49+00:00\",\"author\":{\"@id\":\"https:\/\/baportal.sk\/podnajom\/#\/schema\/person\/1048c08c599b2e93379d6374549bd168\"},\"description\":\"Pon\u00fakame V\u00e1m na pren\u00e1jom mestsk\u00fd, zrekon\u0161truovan\u00fd 2-izbov\u00fd byt v Petr\u017ealke, \u010das\u0165 H\u00e1je 3. T\u00e1to lokalita V\u00e1m pon\u00faka modern\u00e9 a pokojn\u00e9 b\u00fdvanie s\",\"breadcrumb\":{\"@id\":\"https:\/\/baportal.sk\/podnajom\/in\/72562\/#breadcrumb\"},\"inLanguage\":\"sk-SK\",\"potentialAction\":[{\"@type\":\"ReadAction\",\"target\":[\"https:\/\/baportal.sk\/podnajom\/in\/72562\/\"]}]},{\"@type\":\"ImageObject\",\"inLanguage\":\"sk-SK\",\"@id\":\"https:\/\/baportal.sk\/podnajom\/in\/72562\/#primaryimage\",\"url\":\"https:\/\/baportal.sk\/podnajom\/wp-content\/uploads\/2023\/12\/VELMI-PEKNY-ZARIADENY-2-IZBOVY-BYT-MEDVEDOVA.jpeg\",\"contentUrl\":\"https:\/\/baportal.sk\/podnajom\/wp-content\/uploads\/2023\/12\/VELMI-PEKNY-ZARIADENY-2-IZBOVY-BYT-MEDVEDOVA.jpeg\",\"width\":600,\"height\":315},{\"@type\":\"BreadcrumbList\",\"@id\":\"https:\/\/baportal.sk\/podnajom\/in\/72562\/#breadcrumb\",\"itemListElement\":[{\"@type\":\"ListItem\",\"position\":1,\"name\":\"Domovsk\u00e1 str\u00e1nka\",\"item\":\"https:\/\/baportal.sk\/podnajom\/\"},{\"@type\":\"ListItem\",\"position\":2,\"name\":\"VE\u013dMI PEKN\u00dd, ZARIADEN\u00dd 2 IZBOV\u00dd BYT, MEDVE\u010eOV\u00c1\"}]},{\"@type\":\"WebSite\",\"@id\":\"https:\/\/baportal.sk\/podnajom\/#website\",\"url\":\"https:\/\/baportal.sk\/podnajom\/\",\"name\":\"Podn\u00e1jom - Baportal.sk - Bratislava\",\"description\":\"\",\"potentialAction\":[{\"@type\":\"SearchAction\",\"target\":{\"@type\":\"EntryPoint\",\"urlTemplate\":\"https:\/\/baportal.sk\/podnajom\/?s={search_term_string}\"},\"query-input\":\"required name=search_term_string\"}],\"inLanguage\":\"sk-SK\"},{\"@type\":\"Person\",\"@id\":\"https:\/\/baportal.sk\/podnajom\/#\/schema\/person\/1048c08c599b2e93379d6374549bd168\",\"name\":\"marek\",\"image\":{\"@type\":\"ImageObject\",\"inLanguage\":\"sk-SK\",\"@id\":\"https:\/\/baportal.sk\/podnajom\/#\/schema\/person\/image\/\",\"url\":\"https:\/\/secure.gravatar.com\/avatar\/cdf0fbd37411d455f1afd87f93b867f6?s=96&d=mm&r=g\",\"contentUrl\":\"https:\/\/secure.gravatar.com\/avatar\/cdf0fbd37411d455f1afd87f93b867f6?s=96&d=mm&r=g\",\"caption\":\"marek\"},\"sameAs\":[\"https:\/\/www.baportal.sk\/podnajom\"]}]}<\/script>\n<!-- \/ Yoast SEO plugin. -->","yoast_head_json":{"title":"VE\u013dMI PEKN\u00dd, ZARIADEN\u00dd 2 IZBOV\u00dd BYT, MEDVE\u010eOV\u00c1 | Podn\u00e1jom - Baportal.sk - Bratislava","description":"Pon\u00fakame V\u00e1m na pren\u00e1jom mestsk\u00fd, zrekon\u0161truovan\u00fd 2-izbov\u00fd byt v Petr\u017ealke, \u010das\u0165 H\u00e1je 3. T\u00e1to lokalita V\u00e1m pon\u00faka modern\u00e9 a pokojn\u00e9 b\u00fdvanie s","robots":{"index":"index","follow":"follow","max-snippet":"max-snippet:-1","max-image-preview":"max-image-preview:large","max-video-preview":"max-video-preview:-1"},"canonical":"https:\/\/baportal.sk\/podnajom\/in\/72562\/","og_locale":"sk_SK","og_type":"article","og_title":"VE\u013dMI PEKN\u00dd, ZARIADEN\u00dd 2 IZBOV\u00dd BYT, MEDVE\u010eOV\u00c1 | Podn\u00e1jom - Baportal.sk - Bratislava","og_description":"Pon\u00fakame V\u00e1m na pren\u00e1jom mestsk\u00fd, zrekon\u0161truovan\u00fd 2-izbov\u00fd byt v Petr\u017ealke, \u010das\u0165 H\u00e1je 3. T\u00e1to lokalita V\u00e1m pon\u00faka modern\u00e9 a pokojn\u00e9 b\u00fdvanie s","og_url":"https:\/\/baportal.sk\/podnajom\/in\/72562\/","og_site_name":"Podn\u00e1jom - Baportal.sk - Bratislava","article_published_time":"2022-05-05T01:01:49+00:00","author":"marek","twitter_card":"summary_large_image","twitter_misc":{"Autor":"marek","Predpokladan\u00fd \u010das \u010d\u00edtania":"2 min\u00faty"},"schema":{"@context":"https:\/\/schema.org","@graph":[{"@type":"WebPage","@id":"https:\/\/baportal.sk\/podnajom\/in\/72562\/","url":"https:\/\/baportal.sk\/podnajom\/in\/72562\/","name":"VE\u013dMI PEKN\u00dd, ZARIADEN\u00dd 2 IZBOV\u00dd BYT, MEDVE\u010eOV\u00c1 | Podn\u00e1jom - Baportal.sk - Bratislava","isPartOf":{"@id":"https:\/\/baportal.sk\/podnajom\/#website"},"primaryImageOfPage":{"@id":"https:\/\/baportal.sk\/podnajom\/in\/72562\/#primaryimage"},"image":{"@id":"https:\/\/baportal.sk\/podnajom\/in\/72562\/#primaryimage"},"thumbnailUrl":"https:\/\/baportal.sk\/podnajom\/wp-content\/uploads\/2023\/12\/VELMI-PEKNY-ZARIADENY-2-IZBOVY-BYT-MEDVEDOVA.jpeg","datePublished":"2022-05-05T01:01:49+00:00","dateModified":"2022-05-05T01:01:49+00:00","author":{"@id":"https:\/\/baportal.sk\/podnajom\/#\/schema\/person\/1048c08c599b2e93379d6374549bd168"},"description":"Pon\u00fakame V\u00e1m na pren\u00e1jom mestsk\u00fd, zrekon\u0161truovan\u00fd 2-izbov\u00fd byt v Petr\u017ealke, \u010das\u0165 H\u00e1je 3. T\u00e1to lokalita V\u00e1m pon\u00faka modern\u00e9 a pokojn\u00e9 b\u00fdvanie s","breadcrumb":{"@id":"https:\/\/baportal.sk\/podnajom\/in\/72562\/#breadcrumb"},"inLanguage":"sk-SK","potentialAction":[{"@type":"ReadAction","target":["https:\/\/baportal.sk\/podnajom\/in\/72562\/"]}]},{"@type":"ImageObject","inLanguage":"sk-SK","@id":"https:\/\/baportal.sk\/podnajom\/in\/72562\/#primaryimage","url":"https:\/\/baportal.sk\/podnajom\/wp-content\/uploads\/2023\/12\/VELMI-PEKNY-ZARIADENY-2-IZBOVY-BYT-MEDVEDOVA.jpeg","contentUrl":"https:\/\/baportal.sk\/podnajom\/wp-content\/uploads\/2023\/12\/VELMI-PEKNY-ZARIADENY-2-IZBOVY-BYT-MEDVEDOVA.jpeg","width":600,"height":315},{"@type":"BreadcrumbList","@id":"https:\/\/baportal.sk\/podnajom\/in\/72562\/#breadcrumb","itemListElement":[{"@type":"ListItem","position":1,"name":"Domovsk\u00e1 str\u00e1nka","item":"https:\/\/baportal.sk\/podnajom\/"},{"@type":"ListItem","position":2,"name":"VE\u013dMI PEKN\u00dd, ZARIADEN\u00dd 2 IZBOV\u00dd BYT, MEDVE\u010eOV\u00c1"}]},{"@type":"WebSite","@id":"https:\/\/baportal.sk\/podnajom\/#website","url":"https:\/\/baportal.sk\/podnajom\/","name":"Podn\u00e1jom - Baportal.sk - Bratislava","description":"","potentialAction":[{"@type":"SearchAction","target":{"@type":"EntryPoint","urlTemplate":"https:\/\/baportal.sk\/podnajom\/?s={search_term_string}"},"query-input":"required name=search_term_string"}],"inLanguage":"sk-SK"},{"@type":"Person","@id":"https:\/\/baportal.sk\/podnajom\/#\/schema\/person\/1048c08c599b2e93379d6374549bd168","name":"marek","image":{"@type":"ImageObject","inLanguage":"sk-SK","@id":"https:\/\/baportal.sk\/podnajom\/#\/schema\/person\/image\/","url":"https:\/\/secure.gravatar.com\/avatar\/cdf0fbd37411d455f1afd87f93b867f6?s=96&d=mm&r=g","contentUrl":"https:\/\/secure.gravatar.com\/avatar\/cdf0fbd37411d455f1afd87f93b867f6?s=96&d=mm&r=g","caption":"marek"},"sameAs":["https:\/\/www.baportal.sk\/podnajom"]}]}},"_links":{"self":[{"href":"https:\/\/baportal.sk\/podnajom\/wp-json\/wp\/v2\/posts\/72562"}],"collection":[{"href":"https:\/\/baportal.sk\/podnajom\/wp-json\/wp\/v2\/posts"}],"about":[{"href":"https:\/\/baportal.sk\/podnajom\/wp-json\/wp\/v2\/types\/post"}],"author":[{"embeddable":true,"href":"https:\/\/baportal.sk\/podnajom\/wp-json\/wp\/v2\/users\/1"}],"replies":[{"embeddable":true,"href":"https:\/\/baportal.sk\/podnajom\/wp-json\/wp\/v2\/comments?post=72562"}],"version-history":[{"count":0,"href":"https:\/\/baportal.sk\/podnajom\/wp-json\/wp\/v2\/posts\/72562\/revisions"}],"wp:featuredmedia":[{"embeddable":true,"href":"https:\/\/baportal.sk\/podnajom\/wp-json\/wp\/v2\/media\/72563"}],"wp:attachment":[{"href":"https:\/\/baportal.sk\/podnajom\/wp-json\/wp\/v2\/media?parent=72562"}],"wp:term":[{"taxonomy":"category","embeddable":true,"href":"https:\/\/baportal.sk\/podnajom\/wp-json\/wp\/v2\/categories?post=72562"},{"taxonomy":"post_tag","embeddable":true,"href":"https:\/\/baportal.sk\/podnajom\/wp-json\/wp\/v2\/tags?post=72562"}],"curies":[{"name":"wp","href":"https:\/\/api.w.org\/{rel}","templated":true}]}}