{"id":73581,"date":"2022-05-05T03:01:49","date_gmt":"2022-05-05T01:01:49","guid":{"rendered":"https:\/\/baportal.sk\/podnajom\/in\/73581\/"},"modified":"2022-05-05T03:01:49","modified_gmt":"2022-05-05T01:01:49","slug":"u-nas-pekny-2i-byt-2-x-nepriechodna-izba-balkon-krizna-ulica-stare-mesto","status":"publish","type":"post","link":"https:\/\/baportal.sk\/podnajom\/in\/73581\/","title":{"rendered":"U N\u00c1S !!! Pekn\u00fd 2i byt, 2 x NEPRIECHODNA IZBA, BALK\u00d3N, Kr\u00ed\u017ena ulica, Star\u00e9 Mesto"},"content":{"rendered":"<div class=\"text-inner\">\n                                Pon\u00fakame V\u00e1m na pren\u00e1jom pekn\u00fd, slne\u010dn\u00fd, kompletne zariaden\u00fd 2-izbov\u00fd byt orientovan\u00fd oknami do tich\u00e9ho dvora s dvomi nepriechodn\u00fdmi izbami a balk\u00f3nom na Kr\u00ed\u017enej ulici v mestskej \u010dasti Star\u00e9 Mesto.<\/p>\n<p>Podlahov\u00e1 plocha bytu predstavuje 58 m2 vr\u00e1tane balk\u00f3na. Byt je v osobnom vlastn\u00edctve. Byt sa nach\u00e1dza na 5 poschod\u00ed v 6 \u2013 poschodovom tehlovom bytovom dome s v\u00fd\u0165ahom. V okol\u00ed kompletn\u00e1 ob\u010dianska vybavenos\u0165 s mo\u017enos\u0165ou do centra na pe\u0161o.<\/p>\n<p>Byt sa prenaj\u00edma kompletne zariaden\u00fd s kuchynskou linkou na mieru so spotrebi\u010dmi: elektrickou varnou doskou a elektrickou r\u00farou na pe\u010denie, s digestorom, s vo\u013ene stojacou chladni\u010dkou s mrazni\u010dkou, um\u00fdva\u010dkou riadu, automatickou pr\u00e1\u010dkou, s jed\u00e1lensk\u00fdm stolom, s \u0161atn\u00edkov\u00fdmi skri\u0148ami na chodbe a v sp\u00e1lni. K\u00fape\u013e\u0148a oddelen\u00e1 od toalety. V k\u00fape\u013eni sa nach\u00e1dza sprchov\u00fd k\u00fat, um\u00fdvadlo, odkladacia poli\u010dka a zrkadlo. V ob\u00fdvacej izbe je rozkladacia sedacia s\u00faprava, ob\u00fdva\u010dkov\u00e1 zostava, konferen\u010dn\u00fd stol\u00edk, telev\u00edzor. V sp\u00e1lni je pripraven\u00e1 man\u017eelsk\u00e1 poste\u013e.<\/p>\n<p>Dispozi\u010dn\u00e9 rie\u0161enie bytu: chodba, kuchy\u0148a s pr\u00edstupom na balk\u00f3n, ob\u00fdvacia izba, sp\u00e1l\u0148a, k\u00fape\u013e\u0148a a toaleta.   <\/p>\n<p>Bytov\u00fd dom sa nach\u00e1dza v mestskej \u010dasti Star\u00e9 Mesto s \u00faplnou ob\u010dianskou vybavenos\u0165ou. V bl\u00edzkosti bytov\u00e9ho domu sa nach\u00e1dzaj\u00fa potraviny, re\u0161taur\u00e1cie, kaviarne, banky, lek\u00e1re\u0148, \u0161koly, \u0161k\u00f4lky, po\u0161ta, z\u00e1stavky MHD \u2013 autobusy a elektri\u010dky. <\/p>\n<p>Byt je vo\u013en\u00fd ihne\u010f.<\/p>\n<p>Mesa\u010dn\u00fd pren\u00e1jom predstavuje 500 \u20ac + 200 \u20ac energie vr\u00e1tane poplatkov za internet.  <\/p>\n<p>Kontakt: 0948 902 505  <\/p>\n<p>Email: kiss@primereality.sk  \n                            <\/div>\n","protected":false},"excerpt":{"rendered":"<p>Pon\u00fakame V\u00e1m na pren\u00e1jom pekn\u00fd, slne\u010dn\u00fd, kompletne zariaden\u00fd 2-izbov\u00fd byt orientovan\u00fd oknami do tich\u00e9ho dvora s dvomi nepriechodn\u00fdmi izbami a balk\u00f3nom na Kr\u00ed\u017enej ulici v mestskej \u010dasti Star\u00e9 Mesto. Podlahov\u00e1 plocha bytu predstavuje 58 m2 vr\u00e1tane balk\u00f3na. Byt je v osobnom vlastn\u00edctve. Byt sa nach\u00e1dza na 5 poschod\u00ed v 6 \u2013 poschodovom tehlovom bytovom dome [&hellip;]<\/p>\n","protected":false},"author":1,"featured_media":73582,"comment_status":"open","ping_status":"open","sticky":false,"template":"","format":"standard","meta":{"footnotes":""},"categories":[4],"tags":[],"class_list":["post-73581","post","type-post","status-publish","format-standard","has-post-thumbnail","hentry","category-prenajom-bytu"],"yoast_head":"<!-- This site is optimized with the Yoast SEO plugin v23.1 - https:\/\/yoast.com\/wordpress\/plugins\/seo\/ -->\n<title>U N\u00c1S !!! Pekn\u00fd 2i byt, 2 x NEPRIECHODNA IZBA, BALK\u00d3N, Kr\u00ed\u017ena ulica, Star\u00e9 Mesto | Podn\u00e1jom - Baportal.sk - Bratislava<\/title>\n<meta name=\"description\" content=\"Pon\u00fakame V\u00e1m na pren\u00e1jom pekn\u00fd, slne\u010dn\u00fd, kompletne zariaden\u00fd 2-izbov\u00fd byt orientovan\u00fd oknami do tich\u00e9ho dvora s dvomi nepriechodn\u00fdmi izbami a balk\u00f3nom na\" \/>\n<meta name=\"robots\" content=\"index, follow, max-snippet:-1, max-image-preview:large, max-video-preview:-1\" \/>\n<link rel=\"canonical\" href=\"https:\/\/baportal.sk\/podnajom\/in\/73581\/\" \/>\n<meta property=\"og:locale\" content=\"sk_SK\" \/>\n<meta property=\"og:type\" content=\"article\" \/>\n<meta property=\"og:title\" content=\"U N\u00c1S !!! Pekn\u00fd 2i byt, 2 x NEPRIECHODNA IZBA, BALK\u00d3N, Kr\u00ed\u017ena ulica, Star\u00e9 Mesto | Podn\u00e1jom - Baportal.sk - Bratislava\" \/>\n<meta property=\"og:description\" content=\"Pon\u00fakame V\u00e1m na pren\u00e1jom pekn\u00fd, slne\u010dn\u00fd, kompletne zariaden\u00fd 2-izbov\u00fd byt orientovan\u00fd oknami do tich\u00e9ho dvora s dvomi nepriechodn\u00fdmi izbami a balk\u00f3nom na\" \/>\n<meta property=\"og:url\" content=\"https:\/\/baportal.sk\/podnajom\/in\/73581\/\" \/>\n<meta property=\"og:site_name\" content=\"Podn\u00e1jom - Baportal.sk - Bratislava\" \/>\n<meta property=\"article:published_time\" content=\"2022-05-05T01:01:49+00:00\" \/>\n<meta name=\"author\" content=\"marek\" \/>\n<meta name=\"twitter:card\" content=\"summary_large_image\" \/>\n<meta name=\"twitter:label1\" content=\"Autor\" \/>\n\t<meta name=\"twitter:data1\" content=\"marek\" \/>\n\t<meta name=\"twitter:label2\" content=\"Predpokladan\u00fd \u010das \u010d\u00edtania\" \/>\n\t<meta name=\"twitter:data2\" content=\"1 min\u00fata\" \/>\n<script type=\"application\/ld+json\" class=\"yoast-schema-graph\">{\"@context\":\"https:\/\/schema.org\",\"@graph\":[{\"@type\":\"WebPage\",\"@id\":\"https:\/\/baportal.sk\/podnajom\/in\/73581\/\",\"url\":\"https:\/\/baportal.sk\/podnajom\/in\/73581\/\",\"name\":\"U N\u00c1S !!! Pekn\u00fd 2i byt, 2 x NEPRIECHODNA IZBA, BALK\u00d3N, Kr\u00ed\u017ena ulica, Star\u00e9 Mesto | Podn\u00e1jom - Baportal.sk - Bratislava\",\"isPartOf\":{\"@id\":\"https:\/\/baportal.sk\/podnajom\/#website\"},\"primaryImageOfPage\":{\"@id\":\"https:\/\/baportal.sk\/podnajom\/in\/73581\/#primaryimage\"},\"image\":{\"@id\":\"https:\/\/baportal.sk\/podnajom\/in\/73581\/#primaryimage\"},\"thumbnailUrl\":\"https:\/\/baportal.sk\/podnajom\/wp-content\/uploads\/2023\/12\/U-NAS-Pekny-2i-byt-2-x-NEPRIECHODNA-IZBA.jpeg\",\"datePublished\":\"2022-05-05T01:01:49+00:00\",\"dateModified\":\"2022-05-05T01:01:49+00:00\",\"author\":{\"@id\":\"https:\/\/baportal.sk\/podnajom\/#\/schema\/person\/1048c08c599b2e93379d6374549bd168\"},\"description\":\"Pon\u00fakame V\u00e1m na pren\u00e1jom pekn\u00fd, slne\u010dn\u00fd, kompletne zariaden\u00fd 2-izbov\u00fd byt orientovan\u00fd oknami do tich\u00e9ho dvora s dvomi nepriechodn\u00fdmi izbami a balk\u00f3nom na\",\"breadcrumb\":{\"@id\":\"https:\/\/baportal.sk\/podnajom\/in\/73581\/#breadcrumb\"},\"inLanguage\":\"sk-SK\",\"potentialAction\":[{\"@type\":\"ReadAction\",\"target\":[\"https:\/\/baportal.sk\/podnajom\/in\/73581\/\"]}]},{\"@type\":\"ImageObject\",\"inLanguage\":\"sk-SK\",\"@id\":\"https:\/\/baportal.sk\/podnajom\/in\/73581\/#primaryimage\",\"url\":\"https:\/\/baportal.sk\/podnajom\/wp-content\/uploads\/2023\/12\/U-NAS-Pekny-2i-byt-2-x-NEPRIECHODNA-IZBA.jpeg\",\"contentUrl\":\"https:\/\/baportal.sk\/podnajom\/wp-content\/uploads\/2023\/12\/U-NAS-Pekny-2i-byt-2-x-NEPRIECHODNA-IZBA.jpeg\",\"width\":600,\"height\":315},{\"@type\":\"BreadcrumbList\",\"@id\":\"https:\/\/baportal.sk\/podnajom\/in\/73581\/#breadcrumb\",\"itemListElement\":[{\"@type\":\"ListItem\",\"position\":1,\"name\":\"Domovsk\u00e1 str\u00e1nka\",\"item\":\"https:\/\/baportal.sk\/podnajom\/\"},{\"@type\":\"ListItem\",\"position\":2,\"name\":\"U N\u00c1S !!! Pekn\u00fd 2i byt, 2 x NEPRIECHODNA IZBA, BALK\u00d3N, Kr\u00ed\u017ena ulica, Star\u00e9 Mesto\"}]},{\"@type\":\"WebSite\",\"@id\":\"https:\/\/baportal.sk\/podnajom\/#website\",\"url\":\"https:\/\/baportal.sk\/podnajom\/\",\"name\":\"Podn\u00e1jom - Baportal.sk - Bratislava\",\"description\":\"\",\"potentialAction\":[{\"@type\":\"SearchAction\",\"target\":{\"@type\":\"EntryPoint\",\"urlTemplate\":\"https:\/\/baportal.sk\/podnajom\/?s={search_term_string}\"},\"query-input\":\"required name=search_term_string\"}],\"inLanguage\":\"sk-SK\"},{\"@type\":\"Person\",\"@id\":\"https:\/\/baportal.sk\/podnajom\/#\/schema\/person\/1048c08c599b2e93379d6374549bd168\",\"name\":\"marek\",\"image\":{\"@type\":\"ImageObject\",\"inLanguage\":\"sk-SK\",\"@id\":\"https:\/\/baportal.sk\/podnajom\/#\/schema\/person\/image\/\",\"url\":\"https:\/\/secure.gravatar.com\/avatar\/cdf0fbd37411d455f1afd87f93b867f6?s=96&d=mm&r=g\",\"contentUrl\":\"https:\/\/secure.gravatar.com\/avatar\/cdf0fbd37411d455f1afd87f93b867f6?s=96&d=mm&r=g\",\"caption\":\"marek\"},\"sameAs\":[\"https:\/\/www.baportal.sk\/podnajom\"]}]}<\/script>\n<!-- \/ Yoast SEO plugin. -->","yoast_head_json":{"title":"U N\u00c1S !!! Pekn\u00fd 2i byt, 2 x NEPRIECHODNA IZBA, BALK\u00d3N, Kr\u00ed\u017ena ulica, Star\u00e9 Mesto | Podn\u00e1jom - Baportal.sk - Bratislava","description":"Pon\u00fakame V\u00e1m na pren\u00e1jom pekn\u00fd, slne\u010dn\u00fd, kompletne zariaden\u00fd 2-izbov\u00fd byt orientovan\u00fd oknami do tich\u00e9ho dvora s dvomi nepriechodn\u00fdmi izbami a balk\u00f3nom na","robots":{"index":"index","follow":"follow","max-snippet":"max-snippet:-1","max-image-preview":"max-image-preview:large","max-video-preview":"max-video-preview:-1"},"canonical":"https:\/\/baportal.sk\/podnajom\/in\/73581\/","og_locale":"sk_SK","og_type":"article","og_title":"U N\u00c1S !!! Pekn\u00fd 2i byt, 2 x NEPRIECHODNA IZBA, BALK\u00d3N, Kr\u00ed\u017ena ulica, Star\u00e9 Mesto | Podn\u00e1jom - Baportal.sk - Bratislava","og_description":"Pon\u00fakame V\u00e1m na pren\u00e1jom pekn\u00fd, slne\u010dn\u00fd, kompletne zariaden\u00fd 2-izbov\u00fd byt orientovan\u00fd oknami do tich\u00e9ho dvora s dvomi nepriechodn\u00fdmi izbami a balk\u00f3nom na","og_url":"https:\/\/baportal.sk\/podnajom\/in\/73581\/","og_site_name":"Podn\u00e1jom - Baportal.sk - Bratislava","article_published_time":"2022-05-05T01:01:49+00:00","author":"marek","twitter_card":"summary_large_image","twitter_misc":{"Autor":"marek","Predpokladan\u00fd \u010das \u010d\u00edtania":"1 min\u00fata"},"schema":{"@context":"https:\/\/schema.org","@graph":[{"@type":"WebPage","@id":"https:\/\/baportal.sk\/podnajom\/in\/73581\/","url":"https:\/\/baportal.sk\/podnajom\/in\/73581\/","name":"U N\u00c1S !!! Pekn\u00fd 2i byt, 2 x NEPRIECHODNA IZBA, BALK\u00d3N, Kr\u00ed\u017ena ulica, Star\u00e9 Mesto | Podn\u00e1jom - Baportal.sk - Bratislava","isPartOf":{"@id":"https:\/\/baportal.sk\/podnajom\/#website"},"primaryImageOfPage":{"@id":"https:\/\/baportal.sk\/podnajom\/in\/73581\/#primaryimage"},"image":{"@id":"https:\/\/baportal.sk\/podnajom\/in\/73581\/#primaryimage"},"thumbnailUrl":"https:\/\/baportal.sk\/podnajom\/wp-content\/uploads\/2023\/12\/U-NAS-Pekny-2i-byt-2-x-NEPRIECHODNA-IZBA.jpeg","datePublished":"2022-05-05T01:01:49+00:00","dateModified":"2022-05-05T01:01:49+00:00","author":{"@id":"https:\/\/baportal.sk\/podnajom\/#\/schema\/person\/1048c08c599b2e93379d6374549bd168"},"description":"Pon\u00fakame V\u00e1m na pren\u00e1jom pekn\u00fd, slne\u010dn\u00fd, kompletne zariaden\u00fd 2-izbov\u00fd byt orientovan\u00fd oknami do tich\u00e9ho dvora s dvomi nepriechodn\u00fdmi izbami a balk\u00f3nom na","breadcrumb":{"@id":"https:\/\/baportal.sk\/podnajom\/in\/73581\/#breadcrumb"},"inLanguage":"sk-SK","potentialAction":[{"@type":"ReadAction","target":["https:\/\/baportal.sk\/podnajom\/in\/73581\/"]}]},{"@type":"ImageObject","inLanguage":"sk-SK","@id":"https:\/\/baportal.sk\/podnajom\/in\/73581\/#primaryimage","url":"https:\/\/baportal.sk\/podnajom\/wp-content\/uploads\/2023\/12\/U-NAS-Pekny-2i-byt-2-x-NEPRIECHODNA-IZBA.jpeg","contentUrl":"https:\/\/baportal.sk\/podnajom\/wp-content\/uploads\/2023\/12\/U-NAS-Pekny-2i-byt-2-x-NEPRIECHODNA-IZBA.jpeg","width":600,"height":315},{"@type":"BreadcrumbList","@id":"https:\/\/baportal.sk\/podnajom\/in\/73581\/#breadcrumb","itemListElement":[{"@type":"ListItem","position":1,"name":"Domovsk\u00e1 str\u00e1nka","item":"https:\/\/baportal.sk\/podnajom\/"},{"@type":"ListItem","position":2,"name":"U N\u00c1S !!! Pekn\u00fd 2i byt, 2 x NEPRIECHODNA IZBA, BALK\u00d3N, Kr\u00ed\u017ena ulica, Star\u00e9 Mesto"}]},{"@type":"WebSite","@id":"https:\/\/baportal.sk\/podnajom\/#website","url":"https:\/\/baportal.sk\/podnajom\/","name":"Podn\u00e1jom - Baportal.sk - Bratislava","description":"","potentialAction":[{"@type":"SearchAction","target":{"@type":"EntryPoint","urlTemplate":"https:\/\/baportal.sk\/podnajom\/?s={search_term_string}"},"query-input":"required name=search_term_string"}],"inLanguage":"sk-SK"},{"@type":"Person","@id":"https:\/\/baportal.sk\/podnajom\/#\/schema\/person\/1048c08c599b2e93379d6374549bd168","name":"marek","image":{"@type":"ImageObject","inLanguage":"sk-SK","@id":"https:\/\/baportal.sk\/podnajom\/#\/schema\/person\/image\/","url":"https:\/\/secure.gravatar.com\/avatar\/cdf0fbd37411d455f1afd87f93b867f6?s=96&d=mm&r=g","contentUrl":"https:\/\/secure.gravatar.com\/avatar\/cdf0fbd37411d455f1afd87f93b867f6?s=96&d=mm&r=g","caption":"marek"},"sameAs":["https:\/\/www.baportal.sk\/podnajom"]}]}},"_links":{"self":[{"href":"https:\/\/baportal.sk\/podnajom\/wp-json\/wp\/v2\/posts\/73581"}],"collection":[{"href":"https:\/\/baportal.sk\/podnajom\/wp-json\/wp\/v2\/posts"}],"about":[{"href":"https:\/\/baportal.sk\/podnajom\/wp-json\/wp\/v2\/types\/post"}],"author":[{"embeddable":true,"href":"https:\/\/baportal.sk\/podnajom\/wp-json\/wp\/v2\/users\/1"}],"replies":[{"embeddable":true,"href":"https:\/\/baportal.sk\/podnajom\/wp-json\/wp\/v2\/comments?post=73581"}],"version-history":[{"count":0,"href":"https:\/\/baportal.sk\/podnajom\/wp-json\/wp\/v2\/posts\/73581\/revisions"}],"wp:featuredmedia":[{"embeddable":true,"href":"https:\/\/baportal.sk\/podnajom\/wp-json\/wp\/v2\/media\/73582"}],"wp:attachment":[{"href":"https:\/\/baportal.sk\/podnajom\/wp-json\/wp\/v2\/media?parent=73581"}],"wp:term":[{"taxonomy":"category","embeddable":true,"href":"https:\/\/baportal.sk\/podnajom\/wp-json\/wp\/v2\/categories?post=73581"},{"taxonomy":"post_tag","embeddable":true,"href":"https:\/\/baportal.sk\/podnajom\/wp-json\/wp\/v2\/tags?post=73581"}],"curies":[{"name":"wp","href":"https:\/\/api.w.org\/{rel}","templated":true}]}}