{"id":87211,"date":"2022-05-05T03:01:49","date_gmt":"2022-05-05T01:01:49","guid":{"rendered":"https:\/\/baportal.sk\/podnajom\/in\/87211\/"},"modified":"2022-05-05T03:01:49","modified_gmt":"2022-05-05T01:01:49","slug":"2-izbovy-byt-terasa-2x-klima-parkovanie-2","status":"publish","type":"post","link":"https:\/\/baportal.sk\/podnajom\/in\/87211\/","title":{"rendered":"2 izbov\u00fd byt, terasa, 2x kl\u00edma, parkovanie"},"content":{"rendered":"<div class=\"text-inner\">\n                                Pon\u00fakam na pren\u00e1jom kompletne zariaden\u00fd modern\u00fd 2 izbov\u00fd byt s terasou v projekte CityPark v Ru\u017einove. Byt  som k\u00fapila v roku 2019 kedy prebehla aj kolaud\u00e1cia. Nako\u013eko byt som kupovala pre seba, zariadila som ho kvalitn\u00fdmi kuchynsk\u00fdmi spotrebi\u010dmi a na mieru roben\u00fdm n\u00e1bytkom s kvalitn\u00fdmi otv\u00e1rac\u00edmi syst\u00e9mami. Uveden\u00fd byt bol od roku 2019 doteraz u\u017e\u00edvan\u00fd len mojou osobou.   <\/p>\n<p>Byt m\u00e1 v\u00fdmeru 45,78 m2 + terasa o v\u00fdmere 45,62 m2 okna s\u00fa orientovan\u00e9 na juh a v\u00fdchod. Nach\u00e1dza sa na 4. nadzemnom podla\u017e\u00ed bytov\u00e9ho domu a teda z\u00e1rove\u0148 na najvy\u0161\u0161om poschod\u00ed.  Bytov\u00fd dom je zabezpe\u010den\u00fd kamerov\u00fdm syst\u00e9mom a v\u00fd\u0165ahom. K dispoz\u00edci\u00ed je vonkaj\u0161ie ihrisko pre deti, v\u00fdbeh pre psy, a workoutov\u00e9 ihrisko. Priamo ved\u013ea vchodu do bytov\u00e9ho domu sa nach\u00e1dza re\u0161taur\u00e1cia Bite&amp;Byte, Indick\u00e9 potraviny, Teta drog\u00e9ria, Delia potraviny, lek\u00e1re\u0148, oproti vchodu sa nach\u00e1dza Fresh Garden salads. V Are\u00e1li sa tie\u017e nach\u00e1dza re\u0161taur\u00e1cia Block a kaviare\u0148 Le pan caf\u00e9. <\/p>\n<p>Dispozi\u010dn\u00e9 rie\u0161enie: Vstupn\u00e1 chodba s odkladac\u00edm priestorom so vstupom do k\u00fape\u013ene a ob\u00fdvacej izby spojenej s kuchy\u0148ou, sp\u00e1l\u0148a, terasa.<\/p>\n<p>\u0160tandard bytu: <br \/>\n- vstupn\u00e9 bezpe\u010dnostn\u00e9 protipo\u017eiarne dvere<br \/>\n- hlin\u00edkov\u00e9 okn\u00e1 s izola\u010dn\u00fdm trojsklom <br \/>\n- klimatiz\u00e1\u010dn\u00e1 jednotka v sp\u00e1lni, klimatiza\u010dn\u00e1 jednotka v ob\u00fdva\u010dke<br \/>\n- exteri\u00e9rov\u00e9 elektrick\u00e9 \u017eal\u00fazie <br \/>\n- dreven\u00e9 parkety <br \/>\n- pod\u013eahov\u00e9 k\u00farenie v k\u00fape\u013eni <br \/>\n- doskov\u00e9 radi\u00e1tory v obytn\u00fdch miestnostiach<br \/>\n- nad\u0161tandardn\u00e1 svetl\u00e1 v\u00fd\u0161ka miestnost\u00ed ( 3,3m )<\/p>\n<p>Vybavenie bytu: <br \/>\n- na mieru stol\u00e1rom roben\u00e1 kuchynsk\u00e1 linka so vstavan\u00fdmi spotrebi\u010dmi \u2013 um\u00fdva\u010dka riadu, chladni\u010dka s mrazni\u010dkou, induk\u010dn\u00e1 varn\u00e1 doska, teplovzdu\u0161n\u00e1 r\u00fara s mikrovlnkou, pr\u00e1\u010dka so su\u0161i\u010dkou <br \/>\n- r\u00fdchlovarn\u00e1 konvica<br \/>\n- k\u00e1vovar krups na nespresso kapsule<br \/>\n- poh\u00e1re na v\u00edno, poh\u00e1re na \u0161apansk\u00e9<br \/>\n- \u0161\u00e1lky, taniere, pr\u00edbor, hrnce <br \/>\n- barov\u00fd pult so stoli\u010dkami <br \/>\n- seda\u010dka (rozlo\u017eite\u013en\u00e1 na ma\u017elesk\u00fa poste\u013e) <br \/>\n- konferen\u010dn\u00fd stol\u00edk<br \/>\n- koberec v ob\u00fdva\u010dke<br \/>\n- TV<br \/>\n- na mieru roben\u00e1 kni\u017enica v ob\u00fdva\u010dke ako aj skri\u0148a pod TV<br \/>\n- na mieru stol\u00e1rom roben\u00fd vstavan\u00fd \u0161atn\u00edk v sp\u00e1lni a no\u010dn\u00e9 stol\u00edky <br \/>\n- pracovn\u00fd st\u00f4l v sp\u00e1lni<br \/>\n- man\u017eelsk\u00e1 poste\u013e s matracom ( poste\u013e m\u00e1 ve\u013ek\u00fd odkladac\u00ed priestor pod poste\u013eou) <br \/>\n- koberec kravsk\u00e1 ko\u017ea v sp\u00e1lni<br \/>\n- nastavite\u013en\u00e9 svetlo v sp\u00e1lni, pod\u013ea intenzity a farby ( biela, \u017elt\u00e1) <br \/>\n- lampi\u010dky na no\u010dnom stol\u00edku <br \/>\n- osvetlen\u00e9 zrkadlo v k\u00fape\u013eni<br \/>\n- na mieru rie\u0161en\u00e1 skrinka pod umyvadlom<br \/>\n- va\u0148a spojen\u00e1 so sprchou <br \/>\n- zele\u0148 na terase <\/p>\n<p>Parkovanie: Parkovacie st\u00e1tie je zahrnut\u00e9 v cene n\u00e1jmu. Uveden\u00e9 parkovacie st\u00e1tie pod \u010d. 68 sa nach\u00e1dza na -3 poschod\u00ed, priamo ved\u013ea v\u00fd\u0165ahu. <\/p>\n<p>LOKALITA: Nehnute\u013enos\u0165 sa nach\u00e1dza v ob\u013e\u00fabenej a ve\u013emi vyh\u013ead\u00e1vanej lokalite, na za\u010diatku novovznikaj\u00faceho bratislavsk\u00e9ho \u201edowntownu\u201c. Lokalita pon\u00faka pr\u00edjemn\u00e9 b\u00fdvanie pre mlad\u00fdch \u013eud\u00ed s kompletnou ob\u010dianskou vybavenos\u0165ou. S\u00fa\u010das\u0165ou komplexu CityPark Ru\u017einov je nieko\u013eko ob\u013e\u00faben\u00fdch kaviarn\u00ed a re\u0161taur\u00e1cii, ako napr. Bite&amp;Byte \u010di Vespa. Z\u00e1rove\u0148 tu n\u00e1jdeme potraviny, pek\u00e1re\u0148 \u010di dve detsk\u00e9 ihrisk\u00e1. V pe\u0161ej dostupnosti sa nach\u00e1dzaj\u00fa hne\u010f 3 ve\u013ek\u00e9 n\u00e1kupn\u00e9 centr\u00e1 \u2013 Nivy, Eurovea, Centr\u00e1l, ktor\u00e9 pon\u00fakaj\u00fa cel\u00e9 spektrum slu\u017eieb od b\u00e1nk, po\u0161ty, not\u00e1ra a\u017e po fitness centrum. Milovn\u00edci kult\u00fary si ur\u010dite pr\u00eddu na svoje v ne\u010falekom Slovenskom n\u00e1rodnom divadle \u010di Rado\u0161inskom naivnom divadle, naopak t\u00fdch, \u010do maj\u00fa radi prech\u00e1dzky ur\u010dite pote\u0161\u00ed bl\u00edzkos\u0165 promen\u00e1dy Dunaja. Za zmienku ur\u010dite stoja aj \u0161irok\u00e9 mo\u017enosti MHD, elektromobility \u010di r\u00fdchle napojenie na dia\u013eni\u010dn\u00fd obchvat.<\/p>\n<p>Kaucia vo v\u00fd\u0161ke 1 n\u00e1jmu s energiami.<\/p>\n<p>Zvierat\u00e1 nie s\u00fa povolen\u00e9!                            <\/p><\/div>\n","protected":false},"excerpt":{"rendered":"<p>Pon\u00fakam na pren\u00e1jom kompletne zariaden\u00fd modern\u00fd 2 izbov\u00fd byt s terasou v projekte CityPark v Ru\u017einove. Byt som k\u00fapila v roku 2019 kedy prebehla aj kolaud\u00e1cia. Nako\u013eko byt som kupovala pre seba, zariadila som ho kvalitn\u00fdmi kuchynsk\u00fdmi spotrebi\u010dmi a na mieru roben\u00fdm n\u00e1bytkom s kvalitn\u00fdmi otv\u00e1rac\u00edmi syst\u00e9mami. Uveden\u00fd byt bol od roku 2019 doteraz u\u017e\u00edvan\u00fd [&hellip;]<\/p>\n","protected":false},"author":1,"featured_media":87212,"comment_status":"open","ping_status":"open","sticky":false,"template":"","format":"standard","meta":{"footnotes":""},"categories":[4],"tags":[],"class_list":["post-87211","post","type-post","status-publish","format-standard","has-post-thumbnail","hentry","category-prenajom-bytu"],"yoast_head":"<!-- This site is optimized with the Yoast SEO plugin v23.1 - https:\/\/yoast.com\/wordpress\/plugins\/seo\/ -->\n<title>2 izbov\u00fd byt, terasa, 2x kl\u00edma, parkovanie | Podn\u00e1jom - Baportal.sk - Bratislava<\/title>\n<meta name=\"description\" content=\"Pon\u00fakam na pren\u00e1jom kompletne zariaden\u00fd modern\u00fd 2 izbov\u00fd byt s terasou v projekte CityPark v Ru\u017einove. Byt som k\u00fapila v roku 2019 kedy prebehla aj\" \/>\n<meta name=\"robots\" content=\"index, follow, max-snippet:-1, max-image-preview:large, max-video-preview:-1\" \/>\n<link rel=\"canonical\" href=\"https:\/\/baportal.sk\/podnajom\/in\/87211\/\" \/>\n<meta property=\"og:locale\" content=\"sk_SK\" \/>\n<meta property=\"og:type\" content=\"article\" \/>\n<meta property=\"og:title\" content=\"2 izbov\u00fd byt, terasa, 2x kl\u00edma, parkovanie | Podn\u00e1jom - Baportal.sk - Bratislava\" \/>\n<meta property=\"og:description\" content=\"Pon\u00fakam na pren\u00e1jom kompletne zariaden\u00fd modern\u00fd 2 izbov\u00fd byt s terasou v projekte CityPark v Ru\u017einove. Byt som k\u00fapila v roku 2019 kedy prebehla aj\" \/>\n<meta property=\"og:url\" content=\"https:\/\/baportal.sk\/podnajom\/in\/87211\/\" \/>\n<meta property=\"og:site_name\" content=\"Podn\u00e1jom - Baportal.sk - Bratislava\" \/>\n<meta property=\"article:published_time\" content=\"2022-05-05T01:01:49+00:00\" \/>\n<meta name=\"author\" content=\"marek\" \/>\n<meta name=\"twitter:card\" content=\"summary_large_image\" \/>\n<meta name=\"twitter:label1\" content=\"Autor\" \/>\n\t<meta name=\"twitter:data1\" content=\"marek\" \/>\n\t<meta name=\"twitter:label2\" content=\"Predpokladan\u00fd \u010das \u010d\u00edtania\" \/>\n\t<meta name=\"twitter:data2\" content=\"3 min\u00faty\" \/>\n<script type=\"application\/ld+json\" class=\"yoast-schema-graph\">{\"@context\":\"https:\/\/schema.org\",\"@graph\":[{\"@type\":\"WebPage\",\"@id\":\"https:\/\/baportal.sk\/podnajom\/in\/87211\/\",\"url\":\"https:\/\/baportal.sk\/podnajom\/in\/87211\/\",\"name\":\"2 izbov\u00fd byt, terasa, 2x kl\u00edma, parkovanie | Podn\u00e1jom - Baportal.sk - Bratislava\",\"isPartOf\":{\"@id\":\"https:\/\/baportal.sk\/podnajom\/#website\"},\"primaryImageOfPage\":{\"@id\":\"https:\/\/baportal.sk\/podnajom\/in\/87211\/#primaryimage\"},\"image\":{\"@id\":\"https:\/\/baportal.sk\/podnajom\/in\/87211\/#primaryimage\"},\"thumbnailUrl\":\"https:\/\/baportal.sk\/podnajom\/wp-content\/uploads\/2024\/08\/1723724468_2-izbovy-byt-terasa-2x-klima-parkovanie.jpeg\",\"datePublished\":\"2022-05-05T01:01:49+00:00\",\"dateModified\":\"2022-05-05T01:01:49+00:00\",\"author\":{\"@id\":\"https:\/\/baportal.sk\/podnajom\/#\/schema\/person\/1048c08c599b2e93379d6374549bd168\"},\"description\":\"Pon\u00fakam na pren\u00e1jom kompletne zariaden\u00fd modern\u00fd 2 izbov\u00fd byt s terasou v projekte CityPark v Ru\u017einove. Byt som k\u00fapila v roku 2019 kedy prebehla aj\",\"breadcrumb\":{\"@id\":\"https:\/\/baportal.sk\/podnajom\/in\/87211\/#breadcrumb\"},\"inLanguage\":\"sk-SK\",\"potentialAction\":[{\"@type\":\"ReadAction\",\"target\":[\"https:\/\/baportal.sk\/podnajom\/in\/87211\/\"]}]},{\"@type\":\"ImageObject\",\"inLanguage\":\"sk-SK\",\"@id\":\"https:\/\/baportal.sk\/podnajom\/in\/87211\/#primaryimage\",\"url\":\"https:\/\/baportal.sk\/podnajom\/wp-content\/uploads\/2024\/08\/1723724468_2-izbovy-byt-terasa-2x-klima-parkovanie.jpeg\",\"contentUrl\":\"https:\/\/baportal.sk\/podnajom\/wp-content\/uploads\/2024\/08\/1723724468_2-izbovy-byt-terasa-2x-klima-parkovanie.jpeg\",\"width\":600,\"height\":315},{\"@type\":\"BreadcrumbList\",\"@id\":\"https:\/\/baportal.sk\/podnajom\/in\/87211\/#breadcrumb\",\"itemListElement\":[{\"@type\":\"ListItem\",\"position\":1,\"name\":\"Domovsk\u00e1 str\u00e1nka\",\"item\":\"https:\/\/baportal.sk\/podnajom\/\"},{\"@type\":\"ListItem\",\"position\":2,\"name\":\"2 izbov\u00fd byt, terasa, 2x kl\u00edma, parkovanie\"}]},{\"@type\":\"WebSite\",\"@id\":\"https:\/\/baportal.sk\/podnajom\/#website\",\"url\":\"https:\/\/baportal.sk\/podnajom\/\",\"name\":\"Podn\u00e1jom - Baportal.sk - Bratislava\",\"description\":\"\",\"potentialAction\":[{\"@type\":\"SearchAction\",\"target\":{\"@type\":\"EntryPoint\",\"urlTemplate\":\"https:\/\/baportal.sk\/podnajom\/?s={search_term_string}\"},\"query-input\":\"required name=search_term_string\"}],\"inLanguage\":\"sk-SK\"},{\"@type\":\"Person\",\"@id\":\"https:\/\/baportal.sk\/podnajom\/#\/schema\/person\/1048c08c599b2e93379d6374549bd168\",\"name\":\"marek\",\"image\":{\"@type\":\"ImageObject\",\"inLanguage\":\"sk-SK\",\"@id\":\"https:\/\/baportal.sk\/podnajom\/#\/schema\/person\/image\/\",\"url\":\"https:\/\/secure.gravatar.com\/avatar\/cdf0fbd37411d455f1afd87f93b867f6?s=96&d=mm&r=g\",\"contentUrl\":\"https:\/\/secure.gravatar.com\/avatar\/cdf0fbd37411d455f1afd87f93b867f6?s=96&d=mm&r=g\",\"caption\":\"marek\"},\"sameAs\":[\"https:\/\/www.baportal.sk\/podnajom\"]}]}<\/script>\n<!-- \/ Yoast SEO plugin. -->","yoast_head_json":{"title":"2 izbov\u00fd byt, terasa, 2x kl\u00edma, parkovanie | Podn\u00e1jom - Baportal.sk - Bratislava","description":"Pon\u00fakam na pren\u00e1jom kompletne zariaden\u00fd modern\u00fd 2 izbov\u00fd byt s terasou v projekte CityPark v Ru\u017einove. Byt som k\u00fapila v roku 2019 kedy prebehla aj","robots":{"index":"index","follow":"follow","max-snippet":"max-snippet:-1","max-image-preview":"max-image-preview:large","max-video-preview":"max-video-preview:-1"},"canonical":"https:\/\/baportal.sk\/podnajom\/in\/87211\/","og_locale":"sk_SK","og_type":"article","og_title":"2 izbov\u00fd byt, terasa, 2x kl\u00edma, parkovanie | Podn\u00e1jom - Baportal.sk - Bratislava","og_description":"Pon\u00fakam na pren\u00e1jom kompletne zariaden\u00fd modern\u00fd 2 izbov\u00fd byt s terasou v projekte CityPark v Ru\u017einove. Byt som k\u00fapila v roku 2019 kedy prebehla aj","og_url":"https:\/\/baportal.sk\/podnajom\/in\/87211\/","og_site_name":"Podn\u00e1jom - Baportal.sk - Bratislava","article_published_time":"2022-05-05T01:01:49+00:00","author":"marek","twitter_card":"summary_large_image","twitter_misc":{"Autor":"marek","Predpokladan\u00fd \u010das \u010d\u00edtania":"3 min\u00faty"},"schema":{"@context":"https:\/\/schema.org","@graph":[{"@type":"WebPage","@id":"https:\/\/baportal.sk\/podnajom\/in\/87211\/","url":"https:\/\/baportal.sk\/podnajom\/in\/87211\/","name":"2 izbov\u00fd byt, terasa, 2x kl\u00edma, parkovanie | Podn\u00e1jom - Baportal.sk - Bratislava","isPartOf":{"@id":"https:\/\/baportal.sk\/podnajom\/#website"},"primaryImageOfPage":{"@id":"https:\/\/baportal.sk\/podnajom\/in\/87211\/#primaryimage"},"image":{"@id":"https:\/\/baportal.sk\/podnajom\/in\/87211\/#primaryimage"},"thumbnailUrl":"https:\/\/baportal.sk\/podnajom\/wp-content\/uploads\/2024\/08\/1723724468_2-izbovy-byt-terasa-2x-klima-parkovanie.jpeg","datePublished":"2022-05-05T01:01:49+00:00","dateModified":"2022-05-05T01:01:49+00:00","author":{"@id":"https:\/\/baportal.sk\/podnajom\/#\/schema\/person\/1048c08c599b2e93379d6374549bd168"},"description":"Pon\u00fakam na pren\u00e1jom kompletne zariaden\u00fd modern\u00fd 2 izbov\u00fd byt s terasou v projekte CityPark v Ru\u017einove. Byt som k\u00fapila v roku 2019 kedy prebehla aj","breadcrumb":{"@id":"https:\/\/baportal.sk\/podnajom\/in\/87211\/#breadcrumb"},"inLanguage":"sk-SK","potentialAction":[{"@type":"ReadAction","target":["https:\/\/baportal.sk\/podnajom\/in\/87211\/"]}]},{"@type":"ImageObject","inLanguage":"sk-SK","@id":"https:\/\/baportal.sk\/podnajom\/in\/87211\/#primaryimage","url":"https:\/\/baportal.sk\/podnajom\/wp-content\/uploads\/2024\/08\/1723724468_2-izbovy-byt-terasa-2x-klima-parkovanie.jpeg","contentUrl":"https:\/\/baportal.sk\/podnajom\/wp-content\/uploads\/2024\/08\/1723724468_2-izbovy-byt-terasa-2x-klima-parkovanie.jpeg","width":600,"height":315},{"@type":"BreadcrumbList","@id":"https:\/\/baportal.sk\/podnajom\/in\/87211\/#breadcrumb","itemListElement":[{"@type":"ListItem","position":1,"name":"Domovsk\u00e1 str\u00e1nka","item":"https:\/\/baportal.sk\/podnajom\/"},{"@type":"ListItem","position":2,"name":"2 izbov\u00fd byt, terasa, 2x kl\u00edma, parkovanie"}]},{"@type":"WebSite","@id":"https:\/\/baportal.sk\/podnajom\/#website","url":"https:\/\/baportal.sk\/podnajom\/","name":"Podn\u00e1jom - Baportal.sk - Bratislava","description":"","potentialAction":[{"@type":"SearchAction","target":{"@type":"EntryPoint","urlTemplate":"https:\/\/baportal.sk\/podnajom\/?s={search_term_string}"},"query-input":"required name=search_term_string"}],"inLanguage":"sk-SK"},{"@type":"Person","@id":"https:\/\/baportal.sk\/podnajom\/#\/schema\/person\/1048c08c599b2e93379d6374549bd168","name":"marek","image":{"@type":"ImageObject","inLanguage":"sk-SK","@id":"https:\/\/baportal.sk\/podnajom\/#\/schema\/person\/image\/","url":"https:\/\/secure.gravatar.com\/avatar\/cdf0fbd37411d455f1afd87f93b867f6?s=96&d=mm&r=g","contentUrl":"https:\/\/secure.gravatar.com\/avatar\/cdf0fbd37411d455f1afd87f93b867f6?s=96&d=mm&r=g","caption":"marek"},"sameAs":["https:\/\/www.baportal.sk\/podnajom"]}]}},"_links":{"self":[{"href":"https:\/\/baportal.sk\/podnajom\/wp-json\/wp\/v2\/posts\/87211"}],"collection":[{"href":"https:\/\/baportal.sk\/podnajom\/wp-json\/wp\/v2\/posts"}],"about":[{"href":"https:\/\/baportal.sk\/podnajom\/wp-json\/wp\/v2\/types\/post"}],"author":[{"embeddable":true,"href":"https:\/\/baportal.sk\/podnajom\/wp-json\/wp\/v2\/users\/1"}],"replies":[{"embeddable":true,"href":"https:\/\/baportal.sk\/podnajom\/wp-json\/wp\/v2\/comments?post=87211"}],"version-history":[{"count":0,"href":"https:\/\/baportal.sk\/podnajom\/wp-json\/wp\/v2\/posts\/87211\/revisions"}],"wp:featuredmedia":[{"embeddable":true,"href":"https:\/\/baportal.sk\/podnajom\/wp-json\/wp\/v2\/media\/87212"}],"wp:attachment":[{"href":"https:\/\/baportal.sk\/podnajom\/wp-json\/wp\/v2\/media?parent=87211"}],"wp:term":[{"taxonomy":"category","embeddable":true,"href":"https:\/\/baportal.sk\/podnajom\/wp-json\/wp\/v2\/categories?post=87211"},{"taxonomy":"post_tag","embeddable":true,"href":"https:\/\/baportal.sk\/podnajom\/wp-json\/wp\/v2\/tags?post=87211"}],"curies":[{"name":"wp","href":"https:\/\/api.w.org\/{rel}","templated":true}]}}