{"id":94871,"date":"2025-02-03T11:04:00","date_gmt":"2025-02-03T10:04:00","guid":{"rendered":"https:\/\/baportal.sk\/podnajom\/in\/94871\/"},"modified":"2025-02-03T11:04:00","modified_gmt":"2025-02-03T10:04:00","slug":"prenajom-2iz-uplne-novy-byt-v-komplexe-kesselbauer-centr-990-3","status":"publish","type":"post","link":"https:\/\/baportal.sk\/podnajom\/in\/94871\/","title":{"rendered":"PREN\u00c1JOM \u2013 2iz \u00faplne nov\u00fd byt v komplexe Kesselbauer \u2013 centr: 990"},"content":{"rendered":"<p><img decoding=\"async\" src=\"https:\/\/www.bazos.sk\/img\/1m\/585\/174750585.jpg\" \/><\/p>\n<p>Doteraz neob\u00fdvan\u00fd, \u00faplne nov\u00fd byt v prest\u00ed\u017enej novostavbe Kesselbauer v bl\u00edzkosti Prezidentskej z\u00e1hrady v centre Star\u00e9ho mesta na N\u00e1mest\u00ed 1.m\u00e1ja.<\/p>\n<p>V\u00fdmera bytu je 54 m2,  loggia z oboch izieb,    3\/7 posch. s v\u00fd\u0165ahom, orientovan\u00fd na J \u2013 do tich\u00e9 ...<\/p>\n","protected":false},"excerpt":{"rendered":"<p>Doteraz neob\u00fdvan\u00fd, \u00faplne nov\u00fd byt v prest\u00ed\u017enej novostavbe Kesselbauer v bl\u00edzkosti Prezidentskej z\u00e1hrady v centre Star\u00e9ho mesta na N\u00e1mest\u00ed 1.m\u00e1ja. V\u00fdmera bytu je 54 m2, loggia z oboch izieb, 3\/7 posch. s v\u00fd\u0165ahom, orientovan\u00fd na J \u2013 do tich\u00e9 ...<\/p>\n","protected":false},"author":1,"featured_media":94872,"comment_status":"open","ping_status":"open","sticky":false,"template":"","format":"standard","meta":{"footnotes":""},"categories":[4],"tags":[],"class_list":["post-94871","post","type-post","status-publish","format-standard","has-post-thumbnail","hentry","category-prenajom-bytu"],"yoast_head":"<!-- This site is optimized with the Yoast SEO plugin v23.1 - https:\/\/yoast.com\/wordpress\/plugins\/seo\/ -->\n<title>PREN\u00c1JOM \u2013 2iz \u00faplne nov\u00fd byt v komplexe Kesselbauer \u2013 centr: 990 | Podn\u00e1jom - Baportal.sk - Bratislava<\/title>\n<meta name=\"description\" content=\"Doteraz neob\u00fdvan\u00fd, \u00faplne nov\u00fd byt v prest\u00ed\u017enej novostavbe Kesselbauer v bl\u00edzkosti Prezidentskej z\u00e1hrady v centre Star\u00e9ho mesta na N\u00e1mest\u00ed 1.m\u00e1ja. V\u00fdmera\" \/>\n<meta name=\"robots\" content=\"index, follow, max-snippet:-1, max-image-preview:large, max-video-preview:-1\" \/>\n<link rel=\"canonical\" href=\"https:\/\/baportal.sk\/podnajom\/in\/94871\/\" \/>\n<meta property=\"og:locale\" content=\"sk_SK\" \/>\n<meta property=\"og:type\" content=\"article\" \/>\n<meta property=\"og:title\" content=\"PREN\u00c1JOM \u2013 2iz \u00faplne nov\u00fd byt v komplexe Kesselbauer \u2013 centr: 990 | Podn\u00e1jom - Baportal.sk - Bratislava\" \/>\n<meta property=\"og:description\" content=\"Doteraz neob\u00fdvan\u00fd, \u00faplne nov\u00fd byt v prest\u00ed\u017enej novostavbe Kesselbauer v bl\u00edzkosti Prezidentskej z\u00e1hrady v centre Star\u00e9ho mesta na N\u00e1mest\u00ed 1.m\u00e1ja. V\u00fdmera\" \/>\n<meta property=\"og:url\" content=\"https:\/\/baportal.sk\/podnajom\/in\/94871\/\" \/>\n<meta property=\"og:site_name\" content=\"Podn\u00e1jom - Baportal.sk - Bratislava\" \/>\n<meta property=\"article:published_time\" content=\"2025-02-03T10:04:00+00:00\" \/>\n<meta property=\"og:image\" content=\"https:\/\/www.bazos.sk\/img\/1m\/585\/174750585.jpg\" \/>\n<meta name=\"author\" content=\"marek\" \/>\n<meta name=\"twitter:card\" content=\"summary_large_image\" \/>\n<meta name=\"twitter:label1\" content=\"Autor\" \/>\n\t<meta name=\"twitter:data1\" content=\"marek\" \/>\n<script type=\"application\/ld+json\" class=\"yoast-schema-graph\">{\"@context\":\"https:\/\/schema.org\",\"@graph\":[{\"@type\":\"WebPage\",\"@id\":\"https:\/\/baportal.sk\/podnajom\/in\/94871\/\",\"url\":\"https:\/\/baportal.sk\/podnajom\/in\/94871\/\",\"name\":\"PREN\u00c1JOM \u2013 2iz \u00faplne nov\u00fd byt v komplexe Kesselbauer \u2013 centr: 990 | Podn\u00e1jom - Baportal.sk - Bratislava\",\"isPartOf\":{\"@id\":\"https:\/\/baportal.sk\/podnajom\/#website\"},\"primaryImageOfPage\":{\"@id\":\"https:\/\/baportal.sk\/podnajom\/in\/94871\/#primaryimage\"},\"image\":{\"@id\":\"https:\/\/baportal.sk\/podnajom\/in\/94871\/#primaryimage\"},\"thumbnailUrl\":\"https:\/\/baportal.sk\/podnajom\/wp-content\/uploads\/2025\/02\/PRENAJOM-\u2013-2iz-uplne-novy-byt-v-komplexe-Kesselbauer-\u2013.jpg\",\"datePublished\":\"2025-02-03T10:04:00+00:00\",\"dateModified\":\"2025-02-03T10:04:00+00:00\",\"author\":{\"@id\":\"https:\/\/baportal.sk\/podnajom\/#\/schema\/person\/1048c08c599b2e93379d6374549bd168\"},\"description\":\"Doteraz neob\u00fdvan\u00fd, \u00faplne nov\u00fd byt v prest\u00ed\u017enej novostavbe Kesselbauer v bl\u00edzkosti Prezidentskej z\u00e1hrady v centre Star\u00e9ho mesta na N\u00e1mest\u00ed 1.m\u00e1ja. V\u00fdmera\",\"breadcrumb\":{\"@id\":\"https:\/\/baportal.sk\/podnajom\/in\/94871\/#breadcrumb\"},\"inLanguage\":\"sk-SK\",\"potentialAction\":[{\"@type\":\"ReadAction\",\"target\":[\"https:\/\/baportal.sk\/podnajom\/in\/94871\/\"]}]},{\"@type\":\"ImageObject\",\"inLanguage\":\"sk-SK\",\"@id\":\"https:\/\/baportal.sk\/podnajom\/in\/94871\/#primaryimage\",\"url\":\"https:\/\/baportal.sk\/podnajom\/wp-content\/uploads\/2025\/02\/PRENAJOM-\u2013-2iz-uplne-novy-byt-v-komplexe-Kesselbauer-\u2013.jpg\",\"contentUrl\":\"https:\/\/baportal.sk\/podnajom\/wp-content\/uploads\/2025\/02\/PRENAJOM-\u2013-2iz-uplne-novy-byt-v-komplexe-Kesselbauer-\u2013.jpg\",\"width\":1200,\"height\":734},{\"@type\":\"BreadcrumbList\",\"@id\":\"https:\/\/baportal.sk\/podnajom\/in\/94871\/#breadcrumb\",\"itemListElement\":[{\"@type\":\"ListItem\",\"position\":1,\"name\":\"Domovsk\u00e1 str\u00e1nka\",\"item\":\"https:\/\/baportal.sk\/podnajom\/\"},{\"@type\":\"ListItem\",\"position\":2,\"name\":\"PREN\u00c1JOM \u2013 2iz \u00faplne nov\u00fd byt v komplexe Kesselbauer \u2013 centr: 990\"}]},{\"@type\":\"WebSite\",\"@id\":\"https:\/\/baportal.sk\/podnajom\/#website\",\"url\":\"https:\/\/baportal.sk\/podnajom\/\",\"name\":\"Podn\u00e1jom - Baportal.sk - Bratislava\",\"description\":\"\",\"potentialAction\":[{\"@type\":\"SearchAction\",\"target\":{\"@type\":\"EntryPoint\",\"urlTemplate\":\"https:\/\/baportal.sk\/podnajom\/?s={search_term_string}\"},\"query-input\":\"required name=search_term_string\"}],\"inLanguage\":\"sk-SK\"},{\"@type\":\"Person\",\"@id\":\"https:\/\/baportal.sk\/podnajom\/#\/schema\/person\/1048c08c599b2e93379d6374549bd168\",\"name\":\"marek\",\"image\":{\"@type\":\"ImageObject\",\"inLanguage\":\"sk-SK\",\"@id\":\"https:\/\/baportal.sk\/podnajom\/#\/schema\/person\/image\/\",\"url\":\"https:\/\/secure.gravatar.com\/avatar\/cdf0fbd37411d455f1afd87f93b867f6?s=96&d=mm&r=g\",\"contentUrl\":\"https:\/\/secure.gravatar.com\/avatar\/cdf0fbd37411d455f1afd87f93b867f6?s=96&d=mm&r=g\",\"caption\":\"marek\"},\"sameAs\":[\"https:\/\/www.baportal.sk\/podnajom\"]}]}<\/script>\n<!-- \/ Yoast SEO plugin. -->","yoast_head_json":{"title":"PREN\u00c1JOM \u2013 2iz \u00faplne nov\u00fd byt v komplexe Kesselbauer \u2013 centr: 990 | Podn\u00e1jom - Baportal.sk - Bratislava","description":"Doteraz neob\u00fdvan\u00fd, \u00faplne nov\u00fd byt v prest\u00ed\u017enej novostavbe Kesselbauer v bl\u00edzkosti Prezidentskej z\u00e1hrady v centre Star\u00e9ho mesta na N\u00e1mest\u00ed 1.m\u00e1ja. V\u00fdmera","robots":{"index":"index","follow":"follow","max-snippet":"max-snippet:-1","max-image-preview":"max-image-preview:large","max-video-preview":"max-video-preview:-1"},"canonical":"https:\/\/baportal.sk\/podnajom\/in\/94871\/","og_locale":"sk_SK","og_type":"article","og_title":"PREN\u00c1JOM \u2013 2iz \u00faplne nov\u00fd byt v komplexe Kesselbauer \u2013 centr: 990 | Podn\u00e1jom - Baportal.sk - Bratislava","og_description":"Doteraz neob\u00fdvan\u00fd, \u00faplne nov\u00fd byt v prest\u00ed\u017enej novostavbe Kesselbauer v bl\u00edzkosti Prezidentskej z\u00e1hrady v centre Star\u00e9ho mesta na N\u00e1mest\u00ed 1.m\u00e1ja. V\u00fdmera","og_url":"https:\/\/baportal.sk\/podnajom\/in\/94871\/","og_site_name":"Podn\u00e1jom - Baportal.sk - Bratislava","article_published_time":"2025-02-03T10:04:00+00:00","og_image":[{"url":"https:\/\/www.bazos.sk\/img\/1m\/585\/174750585.jpg"}],"author":"marek","twitter_card":"summary_large_image","twitter_misc":{"Autor":"marek"},"schema":{"@context":"https:\/\/schema.org","@graph":[{"@type":"WebPage","@id":"https:\/\/baportal.sk\/podnajom\/in\/94871\/","url":"https:\/\/baportal.sk\/podnajom\/in\/94871\/","name":"PREN\u00c1JOM \u2013 2iz \u00faplne nov\u00fd byt v komplexe Kesselbauer \u2013 centr: 990 | Podn\u00e1jom - Baportal.sk - Bratislava","isPartOf":{"@id":"https:\/\/baportal.sk\/podnajom\/#website"},"primaryImageOfPage":{"@id":"https:\/\/baportal.sk\/podnajom\/in\/94871\/#primaryimage"},"image":{"@id":"https:\/\/baportal.sk\/podnajom\/in\/94871\/#primaryimage"},"thumbnailUrl":"https:\/\/baportal.sk\/podnajom\/wp-content\/uploads\/2025\/02\/PRENAJOM-\u2013-2iz-uplne-novy-byt-v-komplexe-Kesselbauer-\u2013.jpg","datePublished":"2025-02-03T10:04:00+00:00","dateModified":"2025-02-03T10:04:00+00:00","author":{"@id":"https:\/\/baportal.sk\/podnajom\/#\/schema\/person\/1048c08c599b2e93379d6374549bd168"},"description":"Doteraz neob\u00fdvan\u00fd, \u00faplne nov\u00fd byt v prest\u00ed\u017enej novostavbe Kesselbauer v bl\u00edzkosti Prezidentskej z\u00e1hrady v centre Star\u00e9ho mesta na N\u00e1mest\u00ed 1.m\u00e1ja. V\u00fdmera","breadcrumb":{"@id":"https:\/\/baportal.sk\/podnajom\/in\/94871\/#breadcrumb"},"inLanguage":"sk-SK","potentialAction":[{"@type":"ReadAction","target":["https:\/\/baportal.sk\/podnajom\/in\/94871\/"]}]},{"@type":"ImageObject","inLanguage":"sk-SK","@id":"https:\/\/baportal.sk\/podnajom\/in\/94871\/#primaryimage","url":"https:\/\/baportal.sk\/podnajom\/wp-content\/uploads\/2025\/02\/PRENAJOM-\u2013-2iz-uplne-novy-byt-v-komplexe-Kesselbauer-\u2013.jpg","contentUrl":"https:\/\/baportal.sk\/podnajom\/wp-content\/uploads\/2025\/02\/PRENAJOM-\u2013-2iz-uplne-novy-byt-v-komplexe-Kesselbauer-\u2013.jpg","width":1200,"height":734},{"@type":"BreadcrumbList","@id":"https:\/\/baportal.sk\/podnajom\/in\/94871\/#breadcrumb","itemListElement":[{"@type":"ListItem","position":1,"name":"Domovsk\u00e1 str\u00e1nka","item":"https:\/\/baportal.sk\/podnajom\/"},{"@type":"ListItem","position":2,"name":"PREN\u00c1JOM \u2013 2iz \u00faplne nov\u00fd byt v komplexe Kesselbauer \u2013 centr: 990"}]},{"@type":"WebSite","@id":"https:\/\/baportal.sk\/podnajom\/#website","url":"https:\/\/baportal.sk\/podnajom\/","name":"Podn\u00e1jom - Baportal.sk - Bratislava","description":"","potentialAction":[{"@type":"SearchAction","target":{"@type":"EntryPoint","urlTemplate":"https:\/\/baportal.sk\/podnajom\/?s={search_term_string}"},"query-input":"required name=search_term_string"}],"inLanguage":"sk-SK"},{"@type":"Person","@id":"https:\/\/baportal.sk\/podnajom\/#\/schema\/person\/1048c08c599b2e93379d6374549bd168","name":"marek","image":{"@type":"ImageObject","inLanguage":"sk-SK","@id":"https:\/\/baportal.sk\/podnajom\/#\/schema\/person\/image\/","url":"https:\/\/secure.gravatar.com\/avatar\/cdf0fbd37411d455f1afd87f93b867f6?s=96&d=mm&r=g","contentUrl":"https:\/\/secure.gravatar.com\/avatar\/cdf0fbd37411d455f1afd87f93b867f6?s=96&d=mm&r=g","caption":"marek"},"sameAs":["https:\/\/www.baportal.sk\/podnajom"]}]}},"_links":{"self":[{"href":"https:\/\/baportal.sk\/podnajom\/wp-json\/wp\/v2\/posts\/94871"}],"collection":[{"href":"https:\/\/baportal.sk\/podnajom\/wp-json\/wp\/v2\/posts"}],"about":[{"href":"https:\/\/baportal.sk\/podnajom\/wp-json\/wp\/v2\/types\/post"}],"author":[{"embeddable":true,"href":"https:\/\/baportal.sk\/podnajom\/wp-json\/wp\/v2\/users\/1"}],"replies":[{"embeddable":true,"href":"https:\/\/baportal.sk\/podnajom\/wp-json\/wp\/v2\/comments?post=94871"}],"version-history":[{"count":0,"href":"https:\/\/baportal.sk\/podnajom\/wp-json\/wp\/v2\/posts\/94871\/revisions"}],"wp:featuredmedia":[{"embeddable":true,"href":"https:\/\/baportal.sk\/podnajom\/wp-json\/wp\/v2\/media\/94872"}],"wp:attachment":[{"href":"https:\/\/baportal.sk\/podnajom\/wp-json\/wp\/v2\/media?parent=94871"}],"wp:term":[{"taxonomy":"category","embeddable":true,"href":"https:\/\/baportal.sk\/podnajom\/wp-json\/wp\/v2\/categories?post=94871"},{"taxonomy":"post_tag","embeddable":true,"href":"https:\/\/baportal.sk\/podnajom\/wp-json\/wp\/v2\/tags?post=94871"}],"curies":[{"name":"wp","href":"https:\/\/api.w.org\/{rel}","templated":true}]}}